{"id":87818,"date":"2019-03-12T07:46:56","date_gmt":"2019-03-12T10:46:56","guid":{"rendered":"http:\/\/argentinamunicipal.com.ar\/argentina\/?p=87818"},"modified":"2019-03-12T07:46:56","modified_gmt":"2019-03-12T10:46:56","slug":"reconocida-empresa-lactea-pidio-plan-preventivo-de-crisis-emplea-a-600-personas","status":"publish","type":"post","link":"http:\/\/argentinamunicipal.com.ar\/argentina\/reconocida-empresa-lactea-pidio-plan-preventivo-de-crisis-emplea-a-600-personas\/","title":{"rendered":"Reconocida empresa l\u00e1ctea pidi\u00f3 plan preventivo de crisis: Emplea a 600 personas"},"content":{"rendered":"<p>La firma santafesina Ver\u00f3nica tiene tres plantas que trabajan al 40% de su capacidad por la ca\u00edda de ventas. La compa\u00f1\u00eda fue fundada en 1923 y atraviesa una profunda crisis desde hace varios a\u00f1os.<\/p>\n<p>Otra empresa argentina se present\u00f3 ante la cartera laboral para solicitar la apertura de un procedimiento preventivo de crisis con el objetivo de despedir a parte de su plantel pagando indemnizaciones reducidas. Se trata de la firma l\u00e1ctea Ver\u00f3nica que hoy emplea en forma directa a m\u00e1s de 600 personas.<\/p>\n<p>La compa\u00f1\u00eda de capitales nacionales fue fundada en 1923 y atraviesa una profunda crisis desde hace varios a\u00f1os, incluso en el sector es un secreto a voces que\u00a0sus tres plantas de producci\u00f3n (ubicadas en las localidades santafesinas de Lehmann, Totoras y Suardi) est\u00e1n a la venta.<\/p>\n<p>En ellas\u00a0produce bajo la marca Ver\u00f3nica leches larga vida, chocolatadas, leche en polvo, dulce de leche, manteca, crema de leche y quesos untables. Tambi\u00e9n tiene una l\u00ednea propia de quesos duros, otra de l\u00e1cteos descremados y producci\u00f3n de l\u00e1cteos para consumo industrial. S\u00f3lo para la elaboraci\u00f3n de quesos procesa 150 millones de litros de leche por a\u00f1o.ECONOM\u00cdASostienen que \u00abes una estafa\u00bb el precio que pagan los consumidores por la leche<br \/>\nMientras tanto, desde la firma detallan que el pedido del procedimiento preventivo de crisis busca salvaguardar los puestos laborales y a la vez llegar a un acuerdo conveniente con el gremio. Por lo pronto, sus operarios est\u00e1n cobrando su sueldo en cuotas desde hace varios meses e incluso su f\u00e1brica dedicada a la producci\u00f3n de leche en polvo funciona cada 15 d\u00edas.<\/p>\n<p>M\u00e1s precisamente, la unidad productiva que hoy corre peligro de cierre o despidos es la ubicada en la localidad de Suardi, donde hace un par de a\u00f1os se realiz\u00f3 una millonaria inversi\u00f3n para mejorar las instalaciones.<br \/>\nLos registros oficiales dan cuenta que la empresa no est\u00e1 concretando el pago de las contribuciones patronales y aportes a la seguridad social de sus empleados desde, por lo menos, febrero del a\u00f1o pasado.<\/p>\n<p>Al mismo tiempo, a la fecha seg\u00fan datos del Banco Central,\u00a0posee una deuda bancaria con entidades locales de poco m\u00e1s de $1.110 millones, toda en situaci\u00f3n uno (normal, sin atrasos en los pagos); esta cuantiosa deuda ser\u00eda una de las mayores preocupaciones de sus accionistas, ya que las f\u00e1bricas vienen trabajando al 30% o 40% de su capacidad.<\/p>\n<p>Lo que hoy sucede con Ver\u00f3nica, m\u00e1s all\u00e1 de la crisis econ\u00f3mica y la baja del consumo, es un factor com\u00fan de todas las empresas l\u00e1cteas nacionales, como dieron cuenta los casos de SanCor, La Suipachense o Ilolay. En todos los casos, sostener el plantel de empleados se transform\u00f3 en uno de sus mayores escollos, precisa la noticia publicada por el diario\u00a0\u00c1mbito Financiero.<\/p>\n<h6>Fuente: El Once<\/h6>\n","protected":false},"excerpt":{"rendered":"<p>La firma santafesina Ver\u00f3nica tiene tres plantas que trabajan al 40% de su capacidad por la ca\u00edda de ventas. La compa\u00f1\u00eda fue fundada en 1923 y atraviesa una profunda crisis desde hace varios a\u00f1os.<\/p>\n","protected":false},"author":2,"featured_media":87819,"comment_status":"closed","ping_status":"closed","sticky":false,"template":"","format":"standard","meta":{"footnotes":""},"categories":[2],"tags":[10],"class_list":["post-87818","post","type-post","status-publish","format-standard","has-post-thumbnail","hentry","category-informe-municipal","tag-santa-fe"],"_links":{"self":[{"href":"http:\/\/argentinamunicipal.com.ar\/argentina\/wp-json\/wp\/v2\/posts\/87818","targetHints":{"allow":["GET"]}}],"collection":[{"href":"http:\/\/argentinamunicipal.com.ar\/argentina\/wp-json\/wp\/v2\/posts"}],"about":[{"href":"http:\/\/argentinamunicipal.com.ar\/argentina\/wp-json\/wp\/v2\/types\/post"}],"author":[{"embeddable":true,"href":"http:\/\/argentinamunicipal.com.ar\/argentina\/wp-json\/wp\/v2\/users\/2"}],"replies":[{"embeddable":true,"href":"http:\/\/argentinamunicipal.com.ar\/argentina\/wp-json\/wp\/v2\/comments?post=87818"}],"version-history":[{"count":0,"href":"http:\/\/argentinamunicipal.com.ar\/argentina\/wp-json\/wp\/v2\/posts\/87818\/revisions"}],"wp:featuredmedia":[{"embeddable":true,"href":"http:\/\/argentinamunicipal.com.ar\/argentina\/wp-json\/wp\/v2\/media\/87819"}],"wp:attachment":[{"href":"http:\/\/argentinamunicipal.com.ar\/argentina\/wp-json\/wp\/v2\/media?parent=87818"}],"wp:term":[{"taxonomy":"category","embeddable":true,"href":"http:\/\/argentinamunicipal.com.ar\/argentina\/wp-json\/wp\/v2\/categories?post=87818"},{"taxonomy":"post_tag","embeddable":true,"href":"http:\/\/argentinamunicipal.com.ar\/argentina\/wp-json\/wp\/v2\/tags?post=87818"}],"curies":[{"name":"wp","href":"https:\/\/api.w.org\/{rel}","templated":true}]}}