{"id":87855,"date":"2019-03-13T07:29:17","date_gmt":"2019-03-13T10:29:17","guid":{"rendered":"http:\/\/argentinamunicipal.com.ar\/argentina\/?p=87855"},"modified":"2019-03-13T07:29:17","modified_gmt":"2019-03-13T10:29:17","slug":"hay-255-empresas-con-procedimientos-preventivos-de-crisis-en-santa-fe","status":"publish","type":"post","link":"http:\/\/argentinamunicipal.com.ar\/argentina\/hay-255-empresas-con-procedimientos-preventivos-de-crisis-en-santa-fe\/","title":{"rendered":"Hay 255 empresas con procedimientos preventivos de crisis en Santa Fe"},"content":{"rendered":"<p>En enero y febrero hubo 41 tr\u00e1mites nuevos (17 corresponden al centro-norte y 24 al sur provincial). Esa cifra totaliza 21.900 trabajadores, 6.200 corresponden a la regional Santa Fe<\/p>\n<p>La salida de la crisis no se observa en el futuro cercano m\u00e1s all\u00e1 de los pron\u00f3sticos del gabinete econ\u00f3mico nacional, y eso se refleja claramente en varios indicadores, uno de ellos la actividad industrial. Ayer la Federaci\u00f3n Industrial de Santa Fe dio a conocer que a nivel interanual, la actividad cay\u00f3 16% durante enero, con bajas absolutamente estrepitosas como la del rubro de maquinarias agr\u00edcolas que se redujo en 90,3%, sin contar el retroceso en la fabricaci\u00f3n de carrocer\u00edas y remolques de 34,9% o el de veh\u00edculos automotores 33,1% que describe uno de los art\u00edculos publicados por\u00a0UNO.<\/p>\n<p>Otro de los indicadores del momento recesivo es sin dudas la cantidad de empresas en problemas.\u00a0En 2017 hubo 194 procedimientos preventivos de crisis (PPC) y en 2018 se produjeron 284. \u201cEs un incremento sustancial, atado a la recesi\u00f3n que se prolonga en el tiempo\u201d, afirm\u00f3 Julio Genesini, ministro de Trabajo de la provincia en di\u00e1logo con este medio.<\/p>\n<p>En ese marco asever\u00f3 que la ca\u00edda en la actividad industrial da cuenta de que los sectores m\u00e1s afectados en la actualidad son las industrias. En especial las que producen bienes intermedios durables que no son de primera necesidad, situaci\u00f3n que se vio reflejada por ejemplo en la baja de m\u00e1s de 40% en la venta de electrodom\u00e9sticos. Otros rubros tambi\u00e9n afectados son el textil, calzado, autopartes y un largo listado de productos que vienen mostrando mes a mes descensos en la actividad.<\/p>\n<p>\u201cSon todas situaciones que, a medida que el proceso recesivo avanza o se prolonga en el tiempo, empieza a extenderse a otros sectores, inclusive a los de demanda inesl\u00e1stica como las panader\u00edas, los comercios que empiezan a tener cierres\u201d, explic\u00f3 el funcionario.<\/p>\n<p>En total en toda la provincia, entre los iniciados en 2018, los prorrogados y los nuevos hay 255 (94 Santa Fe y 161 Rosario) procedimientos de crisis<br \/>\nSeg\u00fan los datos oficiales suministrados por el Ministerio de Trabajo, hasta el tercer trimestre de 2018, el impacto en el empleo no se hab\u00eda sentido, incluso se registr\u00f3 un leve crecimiento de 0,8%. Sin embargo, esa situaci\u00f3n cambi\u00f3 en el cuarto trimestre, y aunque a\u00fan no est\u00e1n los datos definitivos (anticiparon que seguramente se publicar\u00e1n la semana pr\u00f3xima), usualmente en ese per\u00edodo suele darse un aumento en la cantidad de trabajadores registrados por una cuesti\u00f3n estacional, cosa que no sucedi\u00f3.<\/p>\n<p>Los procedimientos preventivos de crisis amortiguan a\u00fan el impacto en el empleo, m\u00e1s all\u00e1 de que comienza a sentirse. Eso es lo que reconoce Genesini y aunque \u201cmuchas situaciones se resolvieron v\u00eda acuerdos entre el sindicato y empleadores para mantener el v\u00ednculo laboral\u201d, las suspensiones, las reducciones horarias y salariales est\u00e1n a la orden del d\u00eda en las industrias.<\/p>\n<p>\u201cDistintas alternativas que la ley contempla y que se van acordando como para transitar una coyuntura y cuando se extiende en el tiempo, la ca\u00edda de la econom\u00eda y el achicamiento en general, las empresas m\u00e1s all\u00e1 de estas cuestiones coyunturales empiezan a ver la necesidad de achicar su plantel\u201d, describi\u00f3 el ministro.<\/p>\n<p>Precisamente ese es el escenario actual y aunque a\u00fan no se han producido en la provincia cierres de grandes empresas, la situaci\u00f3n se refleja de la manera antes descripta e impacta por supuesto en el comercio y servicios de manera m\u00e1s complicada.<\/p>\n<p>Los n\u00fameros de la crisis<\/p>\n<p>En enero y febrero se solicitaron 41 nuevos PPC, 24 en la zona sur de la provincia, fundamentalmente en el Gran Rosario, y 17 en el centro-norte, que incluye al Gran Santa Fe. A su vez, hay pedidos de pr\u00f3rroga de los que se vencieron a fin de a\u00f1o, de los cuales 56 corresponden al sur santafesino y 29 al centro-norte. Adem\u00e1s, se deben contar los procedimientos iniciados el a\u00f1o pasado, con vigencia en la actualidad. De estos tr\u00e1mites 48 corresponden al Gran Santa Fe y 81 al Gran Rosario.\u00a0En total en toda la provincia, entre los iniciados en 2018, los prorrogados y los nuevos hay 255 (94 Santa Fe y 161 Rosario) procedimientos de crisis.<\/p>\n<p>Esa cifra totaliza 21.900 trabajadores, 6.200 con tr\u00e1mites en la Regional Santa Fe del Ministerio de Trabajo y 15.200 en la sede Rosario.<\/p>\n<p>Una recesi\u00f3n prolongada<\/p>\n<p>Otra muestra de la actualidad es la del comercio santafesino que, a trav\u00e9s de los informes mensuales del Centro Comercial refleja desde enero de 2018 bajas en las ventas. Un mes peor que el otro, con el agravante de que en las \u00faltimas encuestas realizadas a los mercantiles no aparecen comercios que hayan vendido m\u00e1s que el mes anterior.<\/p>\n<p>Ni siquiera en un m\u00ednimo porcentaje.<\/p>\n<p>El problema, explic\u00f3 el titular de la cartera de Trabajo, es que al prolongarse la recesi\u00f3n y al consolidarse la ca\u00edda de la econom\u00eda y de las distintas ramas productivas, las empresas, m\u00e1s all\u00e1 de las medidas coyunturales empiezan a querer ajustar sus planteles a la nueva realidad econ\u00f3mica. No hay un horizonte claro de cu\u00e1ndo se sale, entonces obviamente algunas, de menor envergadura cierran. Situaci\u00f3n palpable en cierta medida por el incremento en la cantidad de locales vac\u00edos en la ciudad.<\/p>\n<p>No obstante, Genesini remarc\u00f3 que a\u00fan con desvinculaciones y despidos en general en Santa Fe esta situaci\u00f3n no ha impactado como en otras provincias.\u00a0Santa Fe va a tener una baja interanual del empleo en diciembre de 1,7%, adelant\u00f3 y dijo que es una ca\u00edda menor que la que se produjo en distritos comparables donde la reducci\u00f3n es de arriba de 2%.\u00bbProvincia de Buenos Aires tiene 2,6%, Mendoza 2,2%, Cordoba tambi\u00e9n tiene 2,3%. Pero, obviamente no se puede saber cu\u00e1l va a ser el comportamiento a futuro. Nosotros vamos a tener un escenario de complicaciones creciente, en tanto no se revierta la tendencia econ\u00f3mica actual y siga la ca\u00edda de la actividad. Esto es un dato objetivo\u201d, indic\u00f3 y agreg\u00f3: \u201cEs un escenario muy vol\u00e1til en lo econ\u00f3mico, ya que m\u00e1s all\u00e1 de la ca\u00edda de la actividad, hay volatilidad cambiaria y una serie de situaciones y variables\u201d.<\/p>\n<p>Por \u00faltimo, el funcionario manifest\u00f3 que se seguir\u00e1 trabajando en los PPC, como herramienta de contenci\u00f3n y que paralelamente se est\u00e1n tomando medidas paliativas como la resoluci\u00f3n de inyectar 2.000 millones de pesos para subsidiar algunos aspectos de la tarifa el\u00e9ctrica.<\/p>\n<p>\u201cTambi\u00e9n se subsidian algunos puntos de la tasa para que se pueda acceder a cr\u00e9ditos m\u00e1s baratos, hay un programa de obras p\u00fablicas muy ambicioso que genera mano de obra y un efecto dinamizador de varios rubros de la econom\u00eda y en general se van a utilizar todos los elementos al alcance para tratar de contener el empleo, sabiendo que en definitiva ser\u00e1 dificil escapar a las pol\u00edticas macroecon\u00f3micas a nivel nacional\u201d, concluy\u00f3.<\/p>\n<h6>Fuente: Uno<\/h6>\n","protected":false},"excerpt":{"rendered":"<p>En enero y febrero hubo 41 tr\u00e1mites nuevos (17 corresponden al centro-norte y 24 al sur provincial). Esa cifra totaliza 21.900 trabajadores, 6.200 corresponden a la regional Santa Fe<\/p>\n","protected":false},"author":2,"featured_media":87856,"comment_status":"closed","ping_status":"closed","sticky":false,"template":"","format":"standard","meta":{"footnotes":""},"categories":[65],"tags":[10],"class_list":["post-87855","post","type-post","status-publish","format-standard","has-post-thumbnail","hentry","category-provincias","tag-santa-fe"],"_links":{"self":[{"href":"http:\/\/argentinamunicipal.com.ar\/argentina\/wp-json\/wp\/v2\/posts\/87855","targetHints":{"allow":["GET"]}}],"collection":[{"href":"http:\/\/argentinamunicipal.com.ar\/argentina\/wp-json\/wp\/v2\/posts"}],"about":[{"href":"http:\/\/argentinamunicipal.com.ar\/argentina\/wp-json\/wp\/v2\/types\/post"}],"author":[{"embeddable":true,"href":"http:\/\/argentinamunicipal.com.ar\/argentina\/wp-json\/wp\/v2\/users\/2"}],"replies":[{"embeddable":true,"href":"http:\/\/argentinamunicipal.com.ar\/argentina\/wp-json\/wp\/v2\/comments?post=87855"}],"version-history":[{"count":0,"href":"http:\/\/argentinamunicipal.com.ar\/argentina\/wp-json\/wp\/v2\/posts\/87855\/revisions"}],"wp:featuredmedia":[{"embeddable":true,"href":"http:\/\/argentinamunicipal.com.ar\/argentina\/wp-json\/wp\/v2\/media\/87856"}],"wp:attachment":[{"href":"http:\/\/argentinamunicipal.com.ar\/argentina\/wp-json\/wp\/v2\/media?parent=87855"}],"wp:term":[{"taxonomy":"category","embeddable":true,"href":"http:\/\/argentinamunicipal.com.ar\/argentina\/wp-json\/wp\/v2\/categories?post=87855"},{"taxonomy":"post_tag","embeddable":true,"href":"http:\/\/argentinamunicipal.com.ar\/argentina\/wp-json\/wp\/v2\/tags?post=87855"}],"curies":[{"name":"wp","href":"https:\/\/api.w.org\/{rel}","templated":true}]}}