{"id":88326,"date":"2019-03-25T07:43:20","date_gmt":"2019-03-25T10:43:20","guid":{"rendered":"http:\/\/argentinamunicipal.com.ar\/argentina\/?p=88326"},"modified":"2019-03-25T07:43:20","modified_gmt":"2019-03-25T10:43:20","slug":"rosario-una-marcha-sin-fin-repudio-el-golpe-del-76-y-rechazo-el-ajuste-de-macri","status":"publish","type":"post","link":"http:\/\/argentinamunicipal.com.ar\/argentina\/rosario-una-marcha-sin-fin-repudio-el-golpe-del-76-y-rechazo-el-ajuste-de-macri\/","title":{"rendered":"Rosario: Una marcha sin fin repudi\u00f3 el golpe del 76 y rechaz\u00f3 el ajuste de Macri"},"content":{"rendered":"<p>La convocatoria por la memoria, la verdad y justicia fue multitudinaria. Reclamos de unidad y cr\u00edticas a la pol\u00edtica econ\u00f3mica<\/p>\n<p>Una marcha interminable, como la memoria. Sin fin. M\u00e1s de 20 cuadras colmadas recordaron el golpe de Estado de 1976 y reclamaron Justicia. Convocadas por los organismos de derechos humanos, cien mil personas marcharon tras la consigna de unidad y fueron una real representaci\u00f3n del rechazo a las pol\u00edticas de ajuste de entonces y las que hoy se aplican. \u00ab\u00bfEsta es la marcha contra Macri?, pregunt\u00f3 un se\u00f1or que se sum\u00f3 tras la respuesta. Una pregunta que resume la continuidad de planes econ\u00f3micos que ayer encontraron un claro rechazo en la calle.<\/p>\n<p>Apenas pasadas las 17, la cabeza de la marcha comenz\u00f3 a caminar. Familiares y miembros de los organismos llevaron la bandera de las Madres de la Plaza 25 de Mayo que este a\u00f1o no pudieron marchar. Aunque de ellas, Lila Forestello, s\u00ed se sum\u00f3 al escenario central en el Parque Nacional a la Bandera. Igual, los pa\u00f1uelos blancos aparecieron a lo largo de toda la movilizaci\u00f3n.<\/p>\n<p>Este a\u00f1o la marcha parti\u00f3 desde la esquina de Dorrego y Santa Fe y se dirigi\u00f3 directamente a cien metros de all\u00ed, a Dorrego y San Lorenzo, donde durante la dictadura funcion\u00f3 el Servicio de Informaciones (SI), un centro de detenciones y torturas. A diferencia de otros a\u00f1os, la movilizaci\u00f3n no fue hasta los Tribunales Federales de Oro\u00f1o. El cambio es un llamado de atenci\u00f3n.<\/p>\n<p>\u00abNo es que se decidi\u00f3 no pasar por los tribunales, sino que quisimos hacer hincapi\u00e9 en la situaci\u00f3n del ex SI. A\u00fan sigue sin reglamentase la ley provincial que define los sitios de memoria. En el lugar, que fue mostrado como tal, trabaja una sola persona que ni siquiera tiene un cargo permanente, es contratada. El lugar no funciona como sitio de memoria. Ese es nuestro reclamo y por eso la marcha cambi\u00f3 el recorrido\u00bb, explic\u00f3 Juane Basso, desde Hijos Rosario.<\/p>\n<p>\u00abComo a los nazis le va a pasar, adonde vayan los iremos a buscar\u00bb, cantaron los familiares apenas comenz\u00f3 la marcha que fue una suerte de movilizaci\u00f3n sin fin. Durante horas, 100 mil rosarinos colmaron todo el recorrido que uni\u00f3 la plaza San Mart\u00edn con el Parque Nacional a la Bandera.<\/p>\n<p>\u00abMi abuela me ense\u00f1\u00f3 que la escondida termina cuando aparecen todos\u00bb, dec\u00eda un cartel en alusi\u00f3n a los desaparecidos. Unos metros m\u00e1s adelante hab\u00eda pasado la tradicional pancarta que llevan familiares con el n\u00famero 30 mil estampado en toda su extensi\u00f3n.<\/p>\n<p>Lo que t\u00edmidamente se escuch\u00f3 hace algunos a\u00f1os, ayer se torn\u00f3 una de las consignas m\u00e1s cantadas. \u00abMacri, basura vos sos la dictadura\u00bb, acompa\u00f1\u00f3 el andar pausado y sin prisa de miles de personas.<\/p>\n<p>Marcharon encolumnados en gremios, organizaciones sociales, centros de estudiantes, partidos pol\u00edticos, grupos art\u00edsticos, centros de jubilados, bibiliotecas o clubes. O simplemente en familia, con sus chicos. Miembros de colectivos masivos o m\u00ednimos, con grandes pancartas o peque\u00f1os carteles expresaron la necesidad de mantener la memoria ante la feroz dictadura c\u00edvico militar que tom\u00f3 en 1976. Pero adem\u00e1s muchas de las consignas hicieron alusi\u00f3n a la identificaci\u00f3n de las actuales pol\u00edticas econ\u00f3micas con las de entonces.<\/p>\n<p>En la previa, en el escenario central ubicado de espalda al r\u00edo, grupos musicales interpretaron canciones prohibidas durante la dictadura.<\/p>\n<p>El arribo de las columnas fue incesante, lo que oblig\u00f3 a los organizadores a retardar la lectura del documento con que tradicionalmente se cierra la marcha. \u00abEsto reci\u00e9n empieza\u00bb, dijo un veterano de las marchas del 24 de marzo. El testimonio refer\u00eda no s\u00f3lo a que la movilizaci\u00f3n comenz\u00f3 a las 17 y a las 20.30 a\u00fan segu\u00eda la gente marchando hacia el Monumento sino tambi\u00e9n a la gran cantidad de j\u00f3venes que a\u00f1o a a\u00f1o se suman al reclamo por Verdad, Memoria y Justicia.<\/p>\n<p><strong>La bandera<\/strong><\/p>\n<p>Con la unidad como consigna de lucha, organismos de derechos humanos, sindicatos, centros de estudiantes, clubes, asociaciones barriales, agrupaciones pol\u00edticas y diversos colectivos, entre m\u00e1s de un centenar organizaciones, acordaron un documento que fue le\u00eddo al t\u00e9rmino de la marcha.<\/p>\n<p>\u00abPorque son nuestra bandera de unidad, a 43 a\u00f1os del golpe genocida c\u00edvico militar del 24 de marzo de 1976, volvemos a marchar en Rosario como todo el pa\u00eds para reivindicar a los 30 mil compa\u00f1eros y compa\u00f1eras\u00bb, remarcaron en el inicio el documento.<\/p>\n<p>En esa reivindicaci\u00f3n est\u00e1 la clave del documento que establece continuidades a trav\u00e9s de estos 43 a\u00f1os. \u00abLos desaparecidos y desaparecidas, sus identidades y sus proyectos, enlazan las luchas pasadas de nuestro pueblo con las del presente\u00bb, se\u00f1alaron los adherentes al documento.<\/p>\n<p>As\u00ed describieron que las consignas pol\u00edticas de entonces hoy est\u00e1n presentes en los sindicatos, en los desocupados y jubilados, en los trabajadores de la econom\u00eda popular, en los pueblos originarios y comunidades campesinas, en la lucha de las mujeres, en las organizaciones que piden un freno a los asesinatos de \u00ablos pibes y pibas en los barrios\u00bb, en los que luchan por la educaci\u00f3n p\u00fablica, por la diversidad sexual y pelean por la salud, tierra y vivienda.<\/p>\n<p>Los firmantes rechazaron que existan \u00absectores a\u00fan vigentes en el pa\u00eds\u00bb que \u00abpiden reconciliaci\u00f3n con quienes torturaron, mataron, vejaron, robaron a nuestros hijos e hijas, nuestros hermanos y hermanas\u00bb.<\/p>\n<p>\u00abMientras conmemoramos los diez a\u00f1os del inicio (en Rosario) de los juicios a los genocidas, el gobierno de Mauricio Macri junto a un Poder Judicial corrupto, servil y obsecuente aplican hoy, a trav\u00e9s del beneficio de la prisi\u00f3n domiciliaria, una amnist\u00eda encubierta a los genocidas, advirtieron.<\/p>\n<p>Y se\u00f1alaron que hoy, como entonces, \u00abun proyecto de precarizaci\u00f3n laboral, despidos, apertura importadora, tarifazos y endeudamiento, solo se puede mantener con la represi\u00f3n que est\u00e1n desplegando ante cada reclamo popular\u00bb.<\/p>\n<p>Recordaron que la c\u00e1rcel impuesta a Milagro Sala \u00aby a otros compa\u00f1eros y compa\u00f1eras fue la primera se\u00f1al que dio la gesti\u00f3n de Cambiemos en el gobierno que luego se profundizar\u00eda con el caso de Santiago Maldonado\u00bb.<\/p>\n<p>Ese avance \u00absolo se podr\u00e1 detener con la m\u00e1s amplia unidad del pueblo\u00bb ante lo cual los firmantes del documentos convocaron a construir ese camino en la calle, \u00aben cada lucha, en cada movilizaci\u00f3n como la del pasado 8 de marzo encabezada por el movimiento de mujeres, como las que protagonizamos contra el ajuste, los despidos y los tarifazos y como este 24 de marzo\u00bb.<\/p>\n<p>La lectura del documento, varias veces interrumpido por la participaci\u00f3n de miles de rosarinos, cerr\u00f3 con el recuerdo a los \u00ab30 mil compa\u00f1eras y compa\u00f1eros desaparecidos\u00bb.<\/p>\n<p>Rosario, una ciudad con memoria<\/p>\n<h6>Fuente: La Capital<\/h6>\n","protected":false},"excerpt":{"rendered":"<p>La convocatoria por la memoria, la verdad y justicia fue multitudinaria. Reclamos de unidad y cr\u00edticas a la pol\u00edtica econ\u00f3mica<\/p>\n","protected":false},"author":2,"featured_media":88327,"comment_status":"closed","ping_status":"closed","sticky":false,"template":"","format":"standard","meta":{"footnotes":""},"categories":[2],"tags":[10],"class_list":["post-88326","post","type-post","status-publish","format-standard","has-post-thumbnail","hentry","category-informe-municipal","tag-santa-fe"],"_links":{"self":[{"href":"http:\/\/argentinamunicipal.com.ar\/argentina\/wp-json\/wp\/v2\/posts\/88326","targetHints":{"allow":["GET"]}}],"collection":[{"href":"http:\/\/argentinamunicipal.com.ar\/argentina\/wp-json\/wp\/v2\/posts"}],"about":[{"href":"http:\/\/argentinamunicipal.com.ar\/argentina\/wp-json\/wp\/v2\/types\/post"}],"author":[{"embeddable":true,"href":"http:\/\/argentinamunicipal.com.ar\/argentina\/wp-json\/wp\/v2\/users\/2"}],"replies":[{"embeddable":true,"href":"http:\/\/argentinamunicipal.com.ar\/argentina\/wp-json\/wp\/v2\/comments?post=88326"}],"version-history":[{"count":0,"href":"http:\/\/argentinamunicipal.com.ar\/argentina\/wp-json\/wp\/v2\/posts\/88326\/revisions"}],"wp:featuredmedia":[{"embeddable":true,"href":"http:\/\/argentinamunicipal.com.ar\/argentina\/wp-json\/wp\/v2\/media\/88327"}],"wp:attachment":[{"href":"http:\/\/argentinamunicipal.com.ar\/argentina\/wp-json\/wp\/v2\/media?parent=88326"}],"wp:term":[{"taxonomy":"category","embeddable":true,"href":"http:\/\/argentinamunicipal.com.ar\/argentina\/wp-json\/wp\/v2\/categories?post=88326"},{"taxonomy":"post_tag","embeddable":true,"href":"http:\/\/argentinamunicipal.com.ar\/argentina\/wp-json\/wp\/v2\/tags?post=88326"}],"curies":[{"name":"wp","href":"https:\/\/api.w.org\/{rel}","templated":true}]}}