{"id":88384,"date":"2019-03-26T05:38:26","date_gmt":"2019-03-26T08:38:26","guid":{"rendered":"http:\/\/argentinamunicipal.com.ar\/argentina\/?p=88384"},"modified":"2019-03-26T07:40:43","modified_gmt":"2019-03-26T10:40:43","slug":"mujeres-al-mando-en-sastre-ocupan-puestos-centrales-para-la-comunidad","status":"publish","type":"post","link":"http:\/\/argentinamunicipal.com.ar\/argentina\/mujeres-al-mando-en-sastre-ocupan-puestos-centrales-para-la-comunidad\/","title":{"rendered":"Mujeres al mando: en Sastre ocupan puestos centrales para la comunidad"},"content":{"rendered":"<p>La ciudad de Sastre tiene una particularidad. La seguridad, la pol\u00edtica y la salud tienen al frente a una persona del g\u00e9nero femenino. Su historia, c\u00f3mo se iniciaron en la profesi\u00f3n y un repaso por las situaciones que les toc\u00f3 atravesar dentro de su \u00e1mbito.<\/p>\n<p>El sexo femenino realza su figura en \u00e1reas preponderantes en la sociedad. En Sastre, tres \u00e1reas clave tienen al frente a una mujer. La pol\u00edtica, con Mar\u00eda del Carmen Amero como intendente de la cabecera del departamento San Mart\u00edn; la salud, con Jimena Depiante como directora del Samco; y la fuerza de seguridad, que tiene a Marisabel Mendoza como m\u00e1xima autoridad en la Unidad Regional XVIII. La imagen se puede retratar en educaci\u00f3n, donde tambi\u00e9n personas del g\u00e9nero femenino poseen el mayor de los rangos como rectoras en algunas de las entidades educativas de la localidad.<\/p>\n<p>De a poco, y en su lucha por ganar terreno dentro de diferentes \u00e1mbitos sociales, las mujeres supieron conseguir derechos que ten\u00edan relegados y, hasta incluso, ni siquiera pose\u00edan. Las corrientes de una pelea por la igualdad se reflejan desde la antig\u00fcedad con Lisistrata, donde de acuerdo al relato de la famosa comedia griega las mujeres iniciaron una huelga sexual como modo de protesta ante los hombres que hab\u00edan declarado la guerra. La lucha continu\u00f3 con Hipatia de Alejandr\u00eda, quien fuera linchada por una turba de cristianos y a quien los movimientos feministas la han reivindicado transform\u00e1ndose como un \u00edcono de libertad y autonom\u00eda. O en la mism\u00edsima Revoluci\u00f3n Francesa, con la famosa marcha en Versalles donde las mujeres europeas se encolumnaron bajo el lema \u201clibertad, igualdad y fraternidad\u201d para reclamar por sus posiciones econ\u00f3micas: simplemente por su condici\u00f3n femenina cobraban la mitad que los hombres. Los movimientos avanzaron y fueron ganando fuerza y relevancia. #NiUnaMenos y #MeToo es una muestra cabal de ello.<\/p>\n<p><strong>Marc\u00f3 la historia en seguridad<\/strong><\/p>\n<p>Como sociedad se vive un hecho hist\u00f3rico desde octubre. No s\u00f3lo a nivel local y departamental, sino en toda la provincia de Santa Fe: por primera vez una mujer ocupa la m\u00e1xima autoridad de una Unidad Regional. Se trata de Marisabel Mendoza, quien dej\u00f3 la subjefatura de la URI para asumir como jefa en la dependencia ubicada en Sastre -UR XVIII-que aglutina a todas las fuerzas de seguridad del departamento San Mart\u00edn. \u201cEstoy muy honrada con la designaci\u00f3n y la confianza que depositaron en m\u00ed para ocupar el cargo\u201d, destac\u00f3.<\/p>\n<p>Mendoza viene con una tradici\u00f3n familiar. Su padre y t\u00edos pertenec\u00edan a la polic\u00eda -hoy ya retirados-. Oriunda de Laguna Paiva y con 49 a\u00f1os de edad, la jefa de la UR XVIII se encuentra transitando su tercera d\u00e9cada de servicio. Asegura que desde peque\u00f1a sol\u00eda vestirse con el uniforme que su progenitor dejaba cuando regresaba de trabajar. Ingres\u00f3 a los 19 a\u00f1os a la escuela de Cadetes en Rosario, donde egres\u00f3 en 1991 como oficial de polic\u00eda.<\/p>\n<p>\u201cAhora hay muchas m\u00e1s mujeres que se inclinan por esta profesi\u00f3n. En 1989, cuando comenc\u00e9 con mis estudios, pertenec\u00eda a la tercera promoci\u00f3n femenina. En ese momento \u00e9ramos 101 efectivos y s\u00f3lo nos recibimos 11 chicas. Hoy hay 22.150 personas abocadas a esto, de las cuales 7.800 son mujeres. En el departamento San Mart\u00edn existen 244, y de ese total 74 son personas de sexo femenino\u201d, destac\u00f3.<\/p>\n<p>La m\u00e1xima autoridad de la UR XVIII remarc\u00f3 la labor de las diferentes Comisar\u00edas de la Mujer que existen, dependencias que trabajan con \u201cprofesionalismo\u201d en un momento donde el n\u00famero de denuncias por violencia de g\u00e9nero crece diariamente. \u201cSon hechos que preocupan mucho. Vivimos en una sociedad cada vez m\u00e1s agresiva e intolerante. Si alguna mujer pasa por una situaci\u00f3n angustiante o violenta, pedimos que se acerque a realizar las denuncias para recibir la ayuda necesaria\u201d, indic\u00f3.<\/p>\n<p>En sus 30 a\u00f1os de trayectoria dentro de las fuerzas de seguridad e independientemente del lugar que le toc\u00f3 ocupar, Mendoza dej\u00f3 algo en claro: jam\u00e1s vivi\u00f3 hechos de discriminaci\u00f3n ni desigualdad por su condici\u00f3n de g\u00e9nero. \u201cDesde muy joven me designaron jefa de Operaciones en la UR II en Rosario, fui subjefa de la UR I en el departamento La Capital y ahora estoy al frente de la UR XVIII. Soy la \u00fanica mujer en conducir una dependencia de esta magnitud en la provincia. Entonces mi paridad con los hombres fue siempre igual\u201d.<\/p>\n<p>A mediados de mayo de 2017, y en medio de un proceso de cambios de directores que comenz\u00f3 a impulsar el gobierno provincial, Jimena Depiante, una joven m\u00e9dica de 29 a\u00f1os, fue puesta en funciones al frente de Samco Sastre en reemplazo de Daniel Garc\u00eda, quien hab\u00eda estado al frente del centro de salud durante una d\u00e9cada. \u201cA lo largo de la historia la ciencia fue siempre ocupada por el hombre. Hablamos del doctor y la enfermera. Hoy, por la conquista de los derechos de las mujeres, esto cambi\u00f3\u201d, destac\u00f3.<\/p>\n<p>No siempre tuvo claro que la medicina era su profesi\u00f3n ni que desde ese lugar forjar\u00eda su futuro. Durante sus tiempos como alumna de secundaria las ciencias duras inclinaban la balanza. \u201cCon mis hermanos somos la primera generaci\u00f3n de estudiantes universitarios de la familia. Mis padres no tienen un t\u00edtulo. Mi pap\u00e1 siempre dec\u00eda: \u2018Nunca estudien polic\u00eda ni m\u00e9dico porque no van a tener vida. Y evidentemente no le hice caso\u2019.<\/p>\n<p>Depiante remarc\u00f3 el avance de mujeres que se van inclinando por esta carrera universitaria, copando las aulas por sobre los hombres. En 2006, cuando pis\u00f3 por primera vez la facultad, por los pasillos se observaba un n\u00famero equilibrado de alumnos de ambos g\u00e9neros. \u201cHoy puedo decir que hay un 75% de chicas. Con los a\u00f1os este paradigma fue cambiando\u201d, cont\u00f3.<\/p>\n<p>Y en el \u00e1mbito de la salud local la ramificaci\u00f3n femenina fue tal que, m\u00e1s all\u00e1 de que la direcci\u00f3n del Samco la ocupa una joven m\u00e9dica, en 2018 se conform\u00f3 un equipo de gesti\u00f3n donde casualmente el 100% de sus integrantes son mujeres.<\/p>\n<p>La propia directora detall\u00f3 la realidad que atraviesa el sector. De acuerdo a lo que indic\u00f3 Depiante, la mujer es siempre la que lleva la vanguardia en consultas y controles. \u201cHemos conquistado demasiados terrenos. La salud es igual para ambos g\u00e9neros, pero creo nosotras somos las que estamos m\u00e1s encima\u201d.<br \/>\nEl control de una ciudad, bajo el ojo femenino<\/p>\n<p>Luego de 16 a\u00f1os de mandato del Partido Justicialista en el Municipio de Sastre, Mar\u00eda del Carmen Amero logr\u00f3 llegar a la intendencia convirti\u00e9ndose en la primera mujer electa por el voto popular. Fue en 2015 cuando luego de dos mandatos como concejal pudo asumir al Ejecutivo. \u201cNunca me sent\u00ed relegada, al contrario. El trato para con mi persona fue siempre igual al resto de mis pares\u201d, reconoci\u00f3.<\/p>\n<p>Amero comenz\u00f3 en 1983 a militar en la Juventud Radical. Con m\u00e1s de dos d\u00e9cadas de vocaci\u00f3n siempre dentro de la UCR, la actual intendente de Sastre logr\u00f3 ingresar al Concejo en 2009, renovando su banca al finalizar el mandato. Remont\u00e1ndose a sus inicios, record\u00f3 que durante los primeros a\u00f1os luego del retorno de la democracia en el pa\u00eds, la participaci\u00f3n de las mujeres en pol\u00edtica era importante. \u201cQuienes ten\u00edan vocaci\u00f3n de trabajo y servicio militaban en aquel momento. No era de la magnitud de los tiempos actuales, donde hoy nos impusimos un poco m\u00e1s y nuestro rol fue tomando protagonismo\u201d.<\/p>\n<p>La figura de radicalismo local reconoci\u00f3 que dentro del \u00e1mbito que le toca ocupar, los mayores reclamos se orientan a los pedidos de ayuda social. \u201cEstamos viviendo una situaci\u00f3n econ\u00f3mica muy compleja. Y a las mujeres que est\u00e1n al frente de un hogar se les hace dif\u00edcil llegar a fin de mes\u201d.<\/p>\n<h6>Fuente: El Litoral<\/h6>\n","protected":false},"excerpt":{"rendered":"<p>La ciudad de Sastre tiene una particularidad. La seguridad, la pol\u00edtica y la salud tienen al frente a una persona del g\u00e9nero femenino. <\/p>\n","protected":false},"author":2,"featured_media":88385,"comment_status":"closed","ping_status":"closed","sticky":false,"template":"","format":"standard","meta":{"footnotes":""},"categories":[2],"tags":[10],"class_list":["post-88384","post","type-post","status-publish","format-standard","has-post-thumbnail","hentry","category-informe-municipal","tag-santa-fe"],"_links":{"self":[{"href":"http:\/\/argentinamunicipal.com.ar\/argentina\/wp-json\/wp\/v2\/posts\/88384","targetHints":{"allow":["GET"]}}],"collection":[{"href":"http:\/\/argentinamunicipal.com.ar\/argentina\/wp-json\/wp\/v2\/posts"}],"about":[{"href":"http:\/\/argentinamunicipal.com.ar\/argentina\/wp-json\/wp\/v2\/types\/post"}],"author":[{"embeddable":true,"href":"http:\/\/argentinamunicipal.com.ar\/argentina\/wp-json\/wp\/v2\/users\/2"}],"replies":[{"embeddable":true,"href":"http:\/\/argentinamunicipal.com.ar\/argentina\/wp-json\/wp\/v2\/comments?post=88384"}],"version-history":[{"count":0,"href":"http:\/\/argentinamunicipal.com.ar\/argentina\/wp-json\/wp\/v2\/posts\/88384\/revisions"}],"wp:featuredmedia":[{"embeddable":true,"href":"http:\/\/argentinamunicipal.com.ar\/argentina\/wp-json\/wp\/v2\/media\/88385"}],"wp:attachment":[{"href":"http:\/\/argentinamunicipal.com.ar\/argentina\/wp-json\/wp\/v2\/media?parent=88384"}],"wp:term":[{"taxonomy":"category","embeddable":true,"href":"http:\/\/argentinamunicipal.com.ar\/argentina\/wp-json\/wp\/v2\/categories?post=88384"},{"taxonomy":"post_tag","embeddable":true,"href":"http:\/\/argentinamunicipal.com.ar\/argentina\/wp-json\/wp\/v2\/tags?post=88384"}],"curies":[{"name":"wp","href":"https:\/\/api.w.org\/{rel}","templated":true}]}}