{"id":88405,"date":"2019-03-26T08:15:04","date_gmt":"2019-03-26T11:15:04","guid":{"rendered":"http:\/\/argentinamunicipal.com.ar\/argentina\/?p=88405"},"modified":"2019-03-26T08:15:04","modified_gmt":"2019-03-26T11:15:04","slug":"se-viene-la-segunda-fiesta-de-la-empanada-de-pescado-de-rio-san-jose-del-rincon","status":"publish","type":"post","link":"http:\/\/argentinamunicipal.com.ar\/argentina\/se-viene-la-segunda-fiesta-de-la-empanada-de-pescado-de-rio-san-jose-del-rincon\/","title":{"rendered":"Se viene la Segunda Fiesta de la Empanada de Pescado de R\u00edo, San Jos\u00e9 del Rinc\u00f3n"},"content":{"rendered":"<p>El evento se realizar\u00e1 el pr\u00f3ximo 7 de abril, en el camping de la UOM. Las actividades dar\u00e1n comienzo a las 10.30. Los organizadores han previsto vender aproximadamente unas 10.000 empanadas, como el a\u00f1o pasado.<\/p>\n<p>El domingo 7 de abril, en las instalaciones del camping de la Uni\u00f3n Obrera Metal\u00fargica de San Jos\u00e9 del Rinc\u00f3n, tendr\u00e1 lugar la Segunda Fiesta de la Empanada de Pescado de R\u00edo. Las puertas se abrir\u00e1n al p\u00fablico a las 10.30 y las actividades se desarrollar\u00e1n aproximadamente hasta las 20. En su primera edici\u00f3n, este novedoso evento culinario cont\u00f3 con la asistencia de m\u00e1s de 2.000 personas y se elaboraron m\u00e1s de 10.000 empanadas de pescado, con puestos que llegaron a vender 120 docenas.<\/p>\n<p>La presentaci\u00f3n de la novedosa propuesta se llev\u00f3 a cabo en la sede de la Mutual Maestra, con la presencia, entre otros, del secretario provincial Franco Arone (titular del \u00e1rea de Turismo) y del intendente local Silvio Gonz\u00e1lez. La organizaci\u00f3n est\u00e1 a cargo de una comisi\u00f3n compuesta por representantes de distintas instituciones barriales rinconeras, como las vecinales Centro, Acer\u00eda, del Norte, Villa A\u00f1aty y Los Espinillos, todas ellas nucleadas en la Uni\u00f3n Vecinales Rinc\u00f3n. Adem\u00e1s de los estands de ventas de empanadas (\u201cque es el s\u00edmbolo de la costa santafesina\u201d de acuerdo a uno de los organizadores), habr\u00e1 artesan\u00edas, m\u00fasica en vivo y un esmerado servicio de buffet.<\/p>\n<p>Shows confirmados<\/p>\n<p>Los espect\u00e1culos musicales y las expresiones art\u00edsticas van a constituirse en otro de los ejes fundamentales de la fiesta (su inicio est\u00e1 programado a las 12), de all\u00ed la importancia de las confirmaciones logradas para este a\u00f1o: Efra\u00edn Colombo, Cantares de Hoy, Nazareno Flores y su conjunto, Renzo Jehiel, D\u2019Javu y \u00c1ngeles Del\u00f3. Tambi\u00e9n actuar\u00e1n Danzas Calchines, Grupo San Jos\u00e9 y Grupo Mainumbi. El show de cierre lo har\u00e1 Juanjo Piedrabuena y su banda. Los encargados de comercializar las empanadas en los puestos de venta al p\u00fablico ser\u00e1n los mismos que las elaboran (empanaderos de toda la costa), quienes, adem\u00e1s, participar\u00e1n del concurso por la Mejor Empanada de Pescado, al horno y frita.<\/p>\n<p>Las entradas ya est\u00e1n a la venta en forma anticipada, a un costo de $ 100 y a trav\u00e9s de los siguientes contactos: 156-309820 (Hugo Gonz\u00e1lez), 155-159571 (Oscar Salva), 155-600783 (Pablo Dur\u00e9), 156-150583 (Alejandra Canteros), 155-177210 (Liliana Morel) y 156-122232 (Mar\u00eda Claudia Bellone). Los menores de 12 a\u00f1os podr\u00e1n ingresar en forma gratuita. Los chicos podr\u00e1n disfrutar de un men\u00fa especial.<\/p>\n<h6>Fuente: El Litoral<\/h6>\n","protected":false},"excerpt":{"rendered":"<p>El evento se realizar\u00e1 el pr\u00f3ximo 7 de abril, en el camping de la UOM. Las actividades dar\u00e1n comienzo a las 10.30. Los organizadores han previsto vender aproximadamente unas 10.000 empanadas, como el a\u00f1o pasado.<\/p>\n","protected":false},"author":2,"featured_media":88406,"comment_status":"closed","ping_status":"closed","sticky":false,"template":"","format":"standard","meta":{"footnotes":""},"categories":[47],"tags":[10],"class_list":["post-88405","post","type-post","status-publish","format-standard","has-post-thumbnail","hentry","category-fiestas","tag-santa-fe"],"_links":{"self":[{"href":"http:\/\/argentinamunicipal.com.ar\/argentina\/wp-json\/wp\/v2\/posts\/88405","targetHints":{"allow":["GET"]}}],"collection":[{"href":"http:\/\/argentinamunicipal.com.ar\/argentina\/wp-json\/wp\/v2\/posts"}],"about":[{"href":"http:\/\/argentinamunicipal.com.ar\/argentina\/wp-json\/wp\/v2\/types\/post"}],"author":[{"embeddable":true,"href":"http:\/\/argentinamunicipal.com.ar\/argentina\/wp-json\/wp\/v2\/users\/2"}],"replies":[{"embeddable":true,"href":"http:\/\/argentinamunicipal.com.ar\/argentina\/wp-json\/wp\/v2\/comments?post=88405"}],"version-history":[{"count":0,"href":"http:\/\/argentinamunicipal.com.ar\/argentina\/wp-json\/wp\/v2\/posts\/88405\/revisions"}],"wp:featuredmedia":[{"embeddable":true,"href":"http:\/\/argentinamunicipal.com.ar\/argentina\/wp-json\/wp\/v2\/media\/88406"}],"wp:attachment":[{"href":"http:\/\/argentinamunicipal.com.ar\/argentina\/wp-json\/wp\/v2\/media?parent=88405"}],"wp:term":[{"taxonomy":"category","embeddable":true,"href":"http:\/\/argentinamunicipal.com.ar\/argentina\/wp-json\/wp\/v2\/categories?post=88405"},{"taxonomy":"post_tag","embeddable":true,"href":"http:\/\/argentinamunicipal.com.ar\/argentina\/wp-json\/wp\/v2\/tags?post=88405"}],"curies":[{"name":"wp","href":"https:\/\/api.w.org\/{rel}","templated":true}]}}