{"id":88510,"date":"2019-03-28T07:14:22","date_gmt":"2019-03-28T10:14:22","guid":{"rendered":"http:\/\/argentinamunicipal.com.ar\/argentina\/?p=88510"},"modified":"2019-03-28T07:14:22","modified_gmt":"2019-03-28T10:14:22","slug":"gran-rosario-verbano-suspendio-a-todo-su-personal-durante-un-mes","status":"publish","type":"post","link":"http:\/\/argentinamunicipal.com.ar\/argentina\/gran-rosario-verbano-suspendio-a-todo-su-personal-durante-un-mes\/","title":{"rendered":"Gran Rosario: Verbano suspendi\u00f3 a todo su personal durante un mes"},"content":{"rendered":"<p>La medida afectar\u00e1 a 135 trabajadores y es consecuencia de la baja en las ventas y los continuos aumentos de las tarifas.<\/p>\n<p>La crisis industrial se expande por la regi\u00f3n y deja el tendal de empresas. La tradicional f\u00e1brica Porcelanas Verbano, ubicada en Capit\u00e1n Berm\u00fadez, suspendi\u00f3 por todo el mes de abril a sus 135 trabajadores debido a la ca\u00edda de las ventas.<\/p>\n<p>Por negociaciones entabladas por el Sindicato de Trabajadores Ceramistas de Capit\u00e1n Berm\u00fadez se acord\u00f3 con la firma el pago de parte del sueldo durante el mes de suspensi\u00f3n: se abonar\u00e1 entre 55 por ciento y 60 por ciento del sueldo a todos los trabajadores.<\/p>\n<p>\u00abEs tremendo el impacto negativo en nuestro sector de tarifazos, importaciones, ca\u00edda de poder adquisitivo de los trabajadores, hoy es Verbano donde se logr\u00f3 acordar parte del sueldo en abril, en mayo no sabemos qu\u00e9 puede pasar\u00bb, dijo Jos\u00e9 Chelo Aguirre, integrante del gremio ceramista de Capit\u00e1n Berm\u00fadez.<\/p>\n<p>La firma argument\u00f3 la fuerte ca\u00edda en las ventas y la imposibilidad de pago de los servicios debido al constante aumento de tarifas. De hecho, el lunes pr\u00f3ximo se activa un nuevo aumento del gas.<\/p>\n<p>El mercado interno, adem\u00e1s, est\u00e1 parado. Verbano produce 12 mil platos diarios y s\u00f3lo vendi\u00f3 1.500. \u00abSi las pol\u00edticas nacionales siguen arremetiendo contra la producci\u00f3n no vamos a quedar sin empresas y la ca\u00edda del empleo ser\u00e1 terrible\u00bb, dijo Aguirre.<\/p>\n<p>Desde los a\u00f1os 90, Porcelanas Verbano est\u00e1 en manos del grupo Faiart. En la d\u00e9cada menemista la firma atraves\u00f3 un duro proceso de reestructuraci\u00f3n. En la posconvertibilidad mejor\u00f3 su producci\u00f3n y creci\u00f3, pero a partir de 2016 comenz\u00f3 a tener problemas por la ca\u00edda del mercado interno y las importaciones, lo cual fue motivo de reiterados reclamos por parte del sindicato de ceramistas.<\/p>\n<p>Con la profundizaci\u00f3n de la crisis en 2018 y el plan de ajuste acordado con el Fondo Monetario Internacional (FMI), la ca\u00edda de empresas industriales y de otros sectores se profundiz\u00f3. A nivel nacional se presenta una empresa cada tres d\u00edas en procedimiento preventivo de crisis.<\/p>\n<p>En la provincia de Santa Fe el a\u00f1o pasado cerr\u00f3 con 284 procedimientos de crisis, afectando a 22 mil trabajadores. En el primer bimestre unas 140 empresas est\u00e1n bajo este paraguas en el Ministerio de Trabajo provincial, entre los expedientes prorrogados y los nuevos.<\/p>\n<p>Carroceras, automotrices, metal\u00fargicas de distintos sectores, l\u00e1cteas, textiles, qu\u00edmicas, indumentaria, equipos para la industria de la alimentaci\u00f3n. Las empresas santafesinas, sobre todo el sector industrial, trabajan a la mitad de la capacidad instalada y tienen a parte o la totalidad del personal suspendido. El desempleo en el Gran Rosario fue 12,8 por ciento.<\/p>\n<h6>Fuente: La Capital<\/h6>\n","protected":false},"excerpt":{"rendered":"<p>La medida afectar\u00e1 a 135 trabajadores y es consecuencia de la baja en las ventas y los continuos aumentos de las tarifas.<\/p>\n","protected":false},"author":2,"featured_media":88511,"comment_status":"closed","ping_status":"closed","sticky":false,"template":"","format":"standard","meta":{"footnotes":""},"categories":[2],"tags":[10],"class_list":["post-88510","post","type-post","status-publish","format-standard","has-post-thumbnail","hentry","category-informe-municipal","tag-santa-fe"],"_links":{"self":[{"href":"http:\/\/argentinamunicipal.com.ar\/argentina\/wp-json\/wp\/v2\/posts\/88510","targetHints":{"allow":["GET"]}}],"collection":[{"href":"http:\/\/argentinamunicipal.com.ar\/argentina\/wp-json\/wp\/v2\/posts"}],"about":[{"href":"http:\/\/argentinamunicipal.com.ar\/argentina\/wp-json\/wp\/v2\/types\/post"}],"author":[{"embeddable":true,"href":"http:\/\/argentinamunicipal.com.ar\/argentina\/wp-json\/wp\/v2\/users\/2"}],"replies":[{"embeddable":true,"href":"http:\/\/argentinamunicipal.com.ar\/argentina\/wp-json\/wp\/v2\/comments?post=88510"}],"version-history":[{"count":0,"href":"http:\/\/argentinamunicipal.com.ar\/argentina\/wp-json\/wp\/v2\/posts\/88510\/revisions"}],"wp:featuredmedia":[{"embeddable":true,"href":"http:\/\/argentinamunicipal.com.ar\/argentina\/wp-json\/wp\/v2\/media\/88511"}],"wp:attachment":[{"href":"http:\/\/argentinamunicipal.com.ar\/argentina\/wp-json\/wp\/v2\/media?parent=88510"}],"wp:term":[{"taxonomy":"category","embeddable":true,"href":"http:\/\/argentinamunicipal.com.ar\/argentina\/wp-json\/wp\/v2\/categories?post=88510"},{"taxonomy":"post_tag","embeddable":true,"href":"http:\/\/argentinamunicipal.com.ar\/argentina\/wp-json\/wp\/v2\/tags?post=88510"}],"curies":[{"name":"wp","href":"https:\/\/api.w.org\/{rel}","templated":true}]}}