{"id":88582,"date":"2019-04-01T05:47:30","date_gmt":"2019-04-01T08:47:30","guid":{"rendered":"http:\/\/argentinamunicipal.com.ar\/argentina\/?p=88582"},"modified":"2019-04-01T08:12:32","modified_gmt":"2019-04-01T11:12:32","slug":"crisis-economica-se-triplicaron-los-cartoneros-entre-2017-y-2019-en-rosario","status":"publish","type":"post","link":"http:\/\/argentinamunicipal.com.ar\/argentina\/crisis-economica-se-triplicaron-los-cartoneros-entre-2017-y-2019-en-rosario\/","title":{"rendered":"Crisis econ\u00f3mica: se triplicaron los cartoneros entre 2017 y 2019 en Rosario"},"content":{"rendered":"<p>El gabinete social de la intendenta Fein mostr\u00f3 ejemplos de c\u00f3mo las variables macroecon\u00f3micas influyen en el territorio local. Tambi\u00e9n c\u00f3mo perjudica a los que menos tienen.<br \/>\nEl impacto de la crisis econ\u00f3mica sigue mostrando indicadores sociales en la realidad rosarina. Ayer varios miembros del gabinete de la intendenta M\u00f3nica Fein detallaron se\u00f1ales y ejemplos del incremento de la pobreza y la indigencia.<\/p>\n<p>En 2017 un relevamiento oficial indic\u00f3 que hab\u00eda 260 cartoneros recorriendo las calles del centro. Ahora el n\u00famero trep\u00f3 a 700. Adem\u00e1s, los operadores del municipio detectaron que se duplic\u00f3 en el \u00faltimo a\u00f1o la cantidad de gente en situaci\u00f3n de calle. El refugio de Grandoli 3460 aumentar\u00e1 sus camas para este invierno. Pasar\u00e1 de 35 a 60. \u201cLa situaci\u00f3n en muy compleja\u201d, dijeron los funcionarios.<\/p>\n<p>Pobreza<br \/>\nUn 31,8 por ciento de pobreza (415 mil rosarinos) y un 12,8 por ciento de desocupaci\u00f3n para el \u00e1rea metropolitana, entre otros factores negativos, explican el impacto en las familias rosarinas. Alta inflaci\u00f3n, d\u00f3lar por las nubes y p\u00e9rdida del poder adquisitivo por la devaluaci\u00f3n de los salarios.<\/p>\n<p>Los integrantes del gabinete social (Laura Capilla, de Desarrollo Social; Leonardo Caruana, de Salud, Nicol\u00e1s Gianelloni, de Econom\u00eda Solidaria; y Germ\u00e1n Gir\u00f3, de Producci\u00f3n) brindaron detalles, \u00e1rea por \u00e1rea, de los alcances de la crisis. Los n\u00fameros reflejan un efecto preocupante.<\/p>\n<p>Caruana record\u00f3 que se han incoporado 42 mil nuevas historias cl\u00ednicas a la red de salud p\u00fablica. Pero adem\u00e1s revel\u00f3 que aument\u00f3 el pedido de medicamentos cr\u00f3nicos en un 15 por ciento. El mismo porcentaje que el Colegio de Farmac\u00e9uticos detect\u00f3 en la ca\u00edda en las ventas en sus locales adheridos.<\/p>\n<p>Capilla indic\u00f3 que se ha duplicado la ayuda social, con familias \u201cnuevas\u201d que ahora solicitan asistencia del Estado. En lo que respecta a la Tarjeta de Ciudadan\u00eda (para la compra de alimentos) aument\u00f3 la cantidad a 62 mil familias al incorporarse 5 mil nuevas. Y se sumaron jubilados como hecho novedoso. Se increment\u00f3 la ayuda para los 200 comedores comunitarios que funcionan en la ciudad, \u201cporque ha aumentado la cantidad de platos y tienen lista de espera\u201d.<\/p>\n<p>Adem\u00e1s, se duplic\u00f3 la cantidad de j\u00f3venes en el programa Nueva Oportunidad (de capacitaci\u00f3n en oficios entre 16 y 30 a\u00f1os). El a\u00f1o pasado hubo 160 personas detectadas en situaci\u00f3n de calle. Lo llamativo es que el 40 por ciento no ten\u00eda m\u00e1s de un a\u00f1o en circunstancia de vulnerabilidad y en su mayor\u00eda son j\u00f3venes.<\/p>\n<p>Recesi\u00f3n<br \/>\nDesde abril Argentina est\u00e1 en recesi\u00f3n. En Rosario, en agosto se not\u00f3 el efecto. \u00bfHay un escenario parecido a 2001?, le preguntaron. Capilla respondi\u00f3: \u201cEn las barriadas hay hambre, hoy se piden alimentos\u201d. Pero a diferencia de aquella crisis, los funcionarios explicaron que la red de dispositivos del Estado gener\u00f3 mecanismos m\u00e1s eficientes de contenci\u00f3n territorial.<\/p>\n<h6>Fuente: Sin MOrdaza<\/h6>\n","protected":false},"excerpt":{"rendered":"<p>El gabinete social de la intendenta Fein mostr\u00f3 ejemplos de c\u00f3mo las variables macroecon\u00f3micas influyen en el territorio local. Tambi\u00e9n c\u00f3mo perjudica a los que menos tienen.<\/p>\n","protected":false},"author":2,"featured_media":88583,"comment_status":"closed","ping_status":"closed","sticky":false,"template":"","format":"standard","meta":{"footnotes":""},"categories":[2],"tags":[10],"class_list":["post-88582","post","type-post","status-publish","format-standard","has-post-thumbnail","hentry","category-informe-municipal","tag-santa-fe"],"_links":{"self":[{"href":"http:\/\/argentinamunicipal.com.ar\/argentina\/wp-json\/wp\/v2\/posts\/88582","targetHints":{"allow":["GET"]}}],"collection":[{"href":"http:\/\/argentinamunicipal.com.ar\/argentina\/wp-json\/wp\/v2\/posts"}],"about":[{"href":"http:\/\/argentinamunicipal.com.ar\/argentina\/wp-json\/wp\/v2\/types\/post"}],"author":[{"embeddable":true,"href":"http:\/\/argentinamunicipal.com.ar\/argentina\/wp-json\/wp\/v2\/users\/2"}],"replies":[{"embeddable":true,"href":"http:\/\/argentinamunicipal.com.ar\/argentina\/wp-json\/wp\/v2\/comments?post=88582"}],"version-history":[{"count":0,"href":"http:\/\/argentinamunicipal.com.ar\/argentina\/wp-json\/wp\/v2\/posts\/88582\/revisions"}],"wp:featuredmedia":[{"embeddable":true,"href":"http:\/\/argentinamunicipal.com.ar\/argentina\/wp-json\/wp\/v2\/media\/88583"}],"wp:attachment":[{"href":"http:\/\/argentinamunicipal.com.ar\/argentina\/wp-json\/wp\/v2\/media?parent=88582"}],"wp:term":[{"taxonomy":"category","embeddable":true,"href":"http:\/\/argentinamunicipal.com.ar\/argentina\/wp-json\/wp\/v2\/categories?post=88582"},{"taxonomy":"post_tag","embeddable":true,"href":"http:\/\/argentinamunicipal.com.ar\/argentina\/wp-json\/wp\/v2\/tags?post=88582"}],"curies":[{"name":"wp","href":"https:\/\/api.w.org\/{rel}","templated":true}]}}