{"id":88601,"date":"2019-04-01T08:04:41","date_gmt":"2019-04-01T11:04:41","guid":{"rendered":"http:\/\/argentinamunicipal.com.ar\/argentina\/?p=88601"},"modified":"2019-04-01T08:04:41","modified_gmt":"2019-04-01T11:04:41","slug":"convocan-en-rosario-a-una-nueva-marcha-contra-los-tarifazos-y-el-ajuste","status":"publish","type":"post","link":"http:\/\/argentinamunicipal.com.ar\/argentina\/convocan-en-rosario-a-una-nueva-marcha-contra-los-tarifazos-y-el-ajuste\/","title":{"rendered":"Convocan en Rosario a una nueva marcha contra los tarifazos y el ajuste"},"content":{"rendered":"<p>El titular del Movimiento Sindical Rosarino (MSR) y del Sindicato de Luz y Fuerza de la ciudad, Alberto Botto, dijo ayer que la situaci\u00f3n social es \u00abdelicada y muy preocupante\u00bb, al anunciar una marcha y un acto \u2014organizados por el MSR\u2014 a realizar el jueves pr\u00f3ximo, a partir de las 14, contra los tarifazos y el ajuste.<\/p>\n<p>El titular del Movimiento Sindical Rosarino (MSR) y del Sindicato de Luz y Fuerza de la ciudad, Alberto Botto, dijo ayer que la situaci\u00f3n social es \u00abdelicada y muy preocupante\u00bb, al anunciar una marcha y un acto \u2014organizados por el MSR\u2014 a realizar el jueves pr\u00f3ximo, a partir de las 14, contra los tarifazos y el ajuste.<\/p>\n<p>El dirigente enfatiz\u00f3 que \u00abhay cientos de miles de personas que la est\u00e1n pasando muy mal, millones que apenas sobreviven y una ampl\u00edsima franja social argentina que est\u00e1 siendo v\u00edctima de verdaderas exacciones a trav\u00e9s de pol\u00edticas tributarias y tarifarias que no tienen nada que ver con la realidad por la que atraviesa la mayor\u00eda de los compatriotas\u00bb.<\/p>\n<p>\u00abLa convocatoria es para el jueves, a las 14, en el Sindicato de Luz y Fuerza. Vamos a movilizarnos hasta calle Mendoza, luego tomaremos Corrientes, San Luis y, desde all\u00ed, nos dirigiremos hacia la plaza Montenegro, donde se realizar\u00e1 el acto central\u00bb, detall\u00f3 Botto.<\/p>\n<p>\u00abEs en rechazo al ajuste y a las pol\u00edticas tarifarias del gobierno\u00bb, prosigui\u00f3 el dirigente, que a\u00f1adi\u00f3 que, \u00abtal como lo viene manifestando el MSR desde un primer momento, todas las medidas que se tomaron fueron en contra del pueblo y de los trabajadores y hubo una gran transferencia de riquezas\u00bb.<\/p>\n<p>Acerca de la convocatoria, Botto indic\u00f3: \u00abMarchamos por la devaluaci\u00f3n, los despidos, las suspensiones, la ca\u00edda del consumo interno por la apertura de importaciones y la quita de subsidios a los servicios. Son cosas que est\u00e1n haciendo estragos en la econom\u00eda argentina y eso repercute en los hogares, que est\u00e1n perdiendo calidad de vida\u00bb.<\/p>\n<p>El dirigente invit\u00f3 a \u00abtodos los ciudadanos que sientan que es hora de hacer un reclamo justo contra una pol\u00edtica que va en desmedro de la familia argentina\u00bb a que se sumen a la marcha y al acto \u00abcon el af\u00e1n de defender el bien com\u00fan\u00bb.<\/p>\n<p>El sindicalista, que adem\u00e1s es un activo militante de pol\u00edticas sociales solidarias, tambi\u00e9n se mostr\u00f3 preocupado por la situaci\u00f3n especialmente cr\u00edtica que se vive en Rosario.<\/p>\n<p>\u00abRecorremos los barrios, recibimos todos los d\u00edas pedidos de referentes sociales y observamos con pena, pero tambi\u00e9n con indignaci\u00f3n, como la situaci\u00f3n social se va deteriorando d\u00eda a d\u00eda. Esto lo acaba de ratificar nada menos que el Indec, cuando anunci\u00f3 pocos d\u00edas atr\u00e1s que vivimos en la ciudad con mayor \u00edndice de desocupaci\u00f3n del pa\u00eds (12,8 por ciento)\u00bb, sentenci\u00f3.<\/p>\n<h6>Fuente: La Capital<\/h6>\n","protected":false},"excerpt":{"rendered":"<p>El titular del Movimiento Sindical Rosarino (MSR) y del Sindicato de Luz y Fuerza de la ciudad, Alberto Botto, dijo ayer que la situaci\u00f3n social es \u00abdelicada y muy preocupante\u00bb, al anunciar una marcha y un acto<\/p>\n","protected":false},"author":2,"featured_media":88602,"comment_status":"closed","ping_status":"closed","sticky":false,"template":"","format":"standard","meta":{"footnotes":""},"categories":[2],"tags":[10],"class_list":["post-88601","post","type-post","status-publish","format-standard","has-post-thumbnail","hentry","category-informe-municipal","tag-santa-fe"],"_links":{"self":[{"href":"http:\/\/argentinamunicipal.com.ar\/argentina\/wp-json\/wp\/v2\/posts\/88601","targetHints":{"allow":["GET"]}}],"collection":[{"href":"http:\/\/argentinamunicipal.com.ar\/argentina\/wp-json\/wp\/v2\/posts"}],"about":[{"href":"http:\/\/argentinamunicipal.com.ar\/argentina\/wp-json\/wp\/v2\/types\/post"}],"author":[{"embeddable":true,"href":"http:\/\/argentinamunicipal.com.ar\/argentina\/wp-json\/wp\/v2\/users\/2"}],"replies":[{"embeddable":true,"href":"http:\/\/argentinamunicipal.com.ar\/argentina\/wp-json\/wp\/v2\/comments?post=88601"}],"version-history":[{"count":0,"href":"http:\/\/argentinamunicipal.com.ar\/argentina\/wp-json\/wp\/v2\/posts\/88601\/revisions"}],"wp:featuredmedia":[{"embeddable":true,"href":"http:\/\/argentinamunicipal.com.ar\/argentina\/wp-json\/wp\/v2\/media\/88602"}],"wp:attachment":[{"href":"http:\/\/argentinamunicipal.com.ar\/argentina\/wp-json\/wp\/v2\/media?parent=88601"}],"wp:term":[{"taxonomy":"category","embeddable":true,"href":"http:\/\/argentinamunicipal.com.ar\/argentina\/wp-json\/wp\/v2\/categories?post=88601"},{"taxonomy":"post_tag","embeddable":true,"href":"http:\/\/argentinamunicipal.com.ar\/argentina\/wp-json\/wp\/v2\/tags?post=88601"}],"curies":[{"name":"wp","href":"https:\/\/api.w.org\/{rel}","templated":true}]}}