{"id":88685,"date":"2019-04-03T07:24:10","date_gmt":"2019-04-03T10:24:10","guid":{"rendered":"http:\/\/argentinamunicipal.com.ar\/argentina\/?p=88685"},"modified":"2019-04-03T07:24:10","modified_gmt":"2019-04-03T10:24:10","slug":"casilda-se-moviliza-en-defensa-de-la-produccion-el-trabajo-y-los-salarios","status":"publish","type":"post","link":"http:\/\/argentinamunicipal.com.ar\/argentina\/casilda-se-moviliza-en-defensa-de-la-produccion-el-trabajo-y-los-salarios\/","title":{"rendered":"Casilda se moviliza en defensa de la producci\u00f3n, el trabajo y los salarios"},"content":{"rendered":"<p>La crisis sum\u00f3 el cierre de Nox como boliche bailable y el despido de empleados, m\u00e1s la baja de persianas de una distribuidora de Arequito.<\/p>\n<p>Casilda se convertir\u00e1 ma\u00f1ana en escenario de una nueva movilizaci\u00f3n contra las pol\u00edticas econ\u00f3micas del gobierno nacional y en defensa de la producci\u00f3n, el trabajo y el salario.<\/p>\n<p>Aunque la manifestaci\u00f3n, impulsada por la mesa coordinadora de la Intersindical, se inscribe en la jornada nacional de protesta de la CGT tendr\u00e1 una fuerte impronta local que busca ratificar el esp\u00edritu de lucha y unidad con el que dio sus primeros pasos. El espacio, punta de lanza en la regi\u00f3n para visibilizar el descontento contra el rumbo econ\u00f3mico del gobierno de Cambiemos, convoc\u00f3 a salir a la calle bajo la consigna \u00abBasta Macri\u00bb y en medio de un clima de despidos e incertidumbre sobre el futuro de comercios y peque\u00f1as y medianas empresas de la zona cuya sustentabilidad penden de un hilo, y otras cerraron como el boliche Nox y una distribuidora de Arequito.<\/p>\n<p>Si bien ya en la movilizaci\u00f3n anterior qued\u00f3 al descubierto la preocupaci\u00f3n sobre la cruda realidad productiva y laboral ahora el panorama \u00abempero\u00bb ante la falta de medidas que ayuden a salir a flote especialmente a industrias del rubro metal\u00fargico que se esfuerzan por sobrevivir a la crisis. El problema no es menos grave en el comercio ante el asedio de los tarifazos en los servicios p\u00fablicos y la ca\u00edda del consumo, lo que hace cada vez m\u00e1s dif\u00edcil la actividad al punto que algunos locales no tuvieron m\u00e1s opci\u00f3n que cerrar o achicar personal como tambi\u00e9n sucedi\u00f3 en el sector industrial.<\/p>\n<p>La recesi\u00f3n se nota incluso los fines de semana donde Casilda, aunque sigue teniendo movimiento y recibiendo visitantes, ya no tiene la misma fortaleza que mostraba a\u00f1os atr\u00e1s como principal centro de atracci\u00f3n de localidades vecinas.<\/p>\n<p><strong>El cierre de Nox como boliche<\/strong><\/p>\n<p>El dato m\u00e1s revelador lo aport\u00f3 d\u00edas atr\u00e1s el boliche Nox Multiespacios cuyos propietarios decidieron a causa de \u00abla situaci\u00f3n econ\u00f3mica que atraviesa el pa\u00eds\u00bb cerrar los s\u00e1bados y evaluar la posibilidad de abrir s\u00f3lo para eventos especiales.<\/p>\n<p>As\u00ed lo comunic\u00f3 por Facebook la reconocida discoteca a la vera de la ruta 33 entre Casilda y Pujato, lo que gener\u00f3 sorpresa y preocupaci\u00f3n en el poder pol\u00edtico local que ya convoc\u00f3 a empresarios de la noche casildense para evaluar el tema ante la ca\u00edda de una oferta clave para satisfacer la demanda de j\u00f3venes de la ciudad y la zona.<\/p>\n<p>\u00abDebido a la situaci\u00f3n econ\u00f3mica que atraviesa el pa\u00eds hemos tomado la decisi\u00f3n de que el s\u00e1bado 30 de marzo sea la \u00faltima apertura de Nox Multiespacios\u00bb. Con esa frase los due\u00f1os del boliche anunciaron por redes sociales la decisi\u00f3n de ponerle fin, tras 11 a\u00f1os, al habitual funcionamiento comercial que sol\u00eda congregar a miles de j\u00f3venes casildenses y la zona. Aunque aclararon: \u00abEvaluaremos la posibilidad de volver a abrir en ocasiones especiales, dando los servicios que nos caracterizan\u00bb y resaltaron: \u00abPor el momento debemos tomar la lamentable decisi\u00f3n de cerrar los s\u00e1bados a la noche\u00bb, y se esperanzaron de que \u00abesto se revierta para bien de todos y que sea algo circunstancial\u00bb.<\/p>\n<p>La medida preocupa al \u00e1mbito pol\u00edtico casildense ya que Nox, aunque pertenezca a jurisdicci\u00f3n de la vecina localidad de Pujato, era el lugar donde los j\u00f3venes de la ciudad iban a bailar los s\u00e1bados, con lo cual este suceso deja un vac\u00edo que ya motoriz\u00f3 a funcionarios municipales a reunirse con empresarios de la noche para abordar soluciones.<\/p>\n<p>Dentro del distrito casildense s\u00f3lo funciona como boliche un establecimiento situado en un tramo urbano de la ruta 33 que abre los viernes mientras que en la zona c\u00e9ntrica hay otro local que desde hace a\u00f1os dej\u00f3 de trabajar como boliche bailable por una ordenanza que impide tal actividad en esa zona aunque est\u00e1 habilitado como sal\u00f3n de fiestas de cumplea\u00f1os, y otros eventos que suelen realizarse.<\/p>\n<p>En Casilda y la zona, tal como public\u00f3 LaCapital, se perdieron en 2018 m\u00e1s de 300 puestos de trabajo y en 2019 se profundiza la tendencia a la baja en el mercado laboral. La ca\u00edda de la econom\u00eda adem\u00e1s pone en jaque el funcionamiento de obras sociales sindicales que por la falta de aportes deben lidiar con m\u00e1s dificultades para dar servicios.<\/p>\n<p><strong>Despido y cierre en Arequito<\/strong><\/p>\n<p>Si bien muchos de los casos registrados desde enero de 2019 se encuadran dentro de retiros consensuados con la patronal, hace unos d\u00edas estall\u00f3 en Arequito un conflicto en la distribuidora Aylar que cerr\u00f3 y dej\u00f3 en la calle a ocho empleados que piden el pago de sus indemnizaciones con el acompa\u00f1amiento del gremio de Camioneros.<\/p>\n<p>Los empleados protestan desde el lunes en las puertas de la firma, cuyo due\u00f1o, Amadeo Manini, es el suegro de Natalia Pastorutti, la hermana de La Sole. El conflicto empez\u00f3 el 18 de marzo. La empresa explic\u00f3 que el cierre es producto de la crisis econ\u00f3mica y habr\u00eda propuesto pagar indemnizaciones en ocho cuotas, lo cual al ser rechazado desat\u00f3 el conflicto y desde el lunes un acampe frente a Aylar. Los empleados adem\u00e1s reclaman cobrar parte del salario de febrero y el sueldo de marzo.<\/p>\n<p>En este contexto zonal la Intersindical Casilda program\u00f3 la movilizaci\u00f3n de ma\u00f1ana que arrancar\u00e1, a las 11, en 25 de Mayo y Buenos Aires.<\/p>\n<h6>Fuente: La Capital<\/h6>\n","protected":false},"excerpt":{"rendered":"<p>La crisis sum\u00f3 el cierre de Nox como boliche bailable y el despido de empleados, m\u00e1s la baja de persianas de una distribuidora de Arequito.<\/p>\n","protected":false},"author":2,"featured_media":88686,"comment_status":"closed","ping_status":"closed","sticky":false,"template":"","format":"standard","meta":{"footnotes":""},"categories":[2],"tags":[10],"class_list":["post-88685","post","type-post","status-publish","format-standard","has-post-thumbnail","hentry","category-informe-municipal","tag-santa-fe"],"_links":{"self":[{"href":"http:\/\/argentinamunicipal.com.ar\/argentina\/wp-json\/wp\/v2\/posts\/88685","targetHints":{"allow":["GET"]}}],"collection":[{"href":"http:\/\/argentinamunicipal.com.ar\/argentina\/wp-json\/wp\/v2\/posts"}],"about":[{"href":"http:\/\/argentinamunicipal.com.ar\/argentina\/wp-json\/wp\/v2\/types\/post"}],"author":[{"embeddable":true,"href":"http:\/\/argentinamunicipal.com.ar\/argentina\/wp-json\/wp\/v2\/users\/2"}],"replies":[{"embeddable":true,"href":"http:\/\/argentinamunicipal.com.ar\/argentina\/wp-json\/wp\/v2\/comments?post=88685"}],"version-history":[{"count":0,"href":"http:\/\/argentinamunicipal.com.ar\/argentina\/wp-json\/wp\/v2\/posts\/88685\/revisions"}],"wp:featuredmedia":[{"embeddable":true,"href":"http:\/\/argentinamunicipal.com.ar\/argentina\/wp-json\/wp\/v2\/media\/88686"}],"wp:attachment":[{"href":"http:\/\/argentinamunicipal.com.ar\/argentina\/wp-json\/wp\/v2\/media?parent=88685"}],"wp:term":[{"taxonomy":"category","embeddable":true,"href":"http:\/\/argentinamunicipal.com.ar\/argentina\/wp-json\/wp\/v2\/categories?post=88685"},{"taxonomy":"post_tag","embeddable":true,"href":"http:\/\/argentinamunicipal.com.ar\/argentina\/wp-json\/wp\/v2\/tags?post=88685"}],"curies":[{"name":"wp","href":"https:\/\/api.w.org\/{rel}","templated":true}]}}