{"id":88752,"date":"2019-04-04T07:41:24","date_gmt":"2019-04-04T10:41:24","guid":{"rendered":"http:\/\/argentinamunicipal.com.ar\/argentina\/?p=88752"},"modified":"2019-04-04T07:41:24","modified_gmt":"2019-04-04T10:41:24","slug":"cerraron-17-locales-de-una-galeria-centrica-en-rosario","status":"publish","type":"post","link":"http:\/\/argentinamunicipal.com.ar\/argentina\/cerraron-17-locales-de-una-galeria-centrica-en-rosario\/","title":{"rendered":"Cerraron 17 locales de una galer\u00eda c\u00e9ntrica en Rosario"},"content":{"rendered":"<p>El 10% de los 160 comercios del corredor que une Maip\u00fa, C\u00f3rdoba y San Mart\u00edn cesaron su actividad.<\/p>\n<p>La crisis golpea a diversos sectores de la econom\u00eda y el comercio en el centro rosarino no s\u00f3lo es uno de los m\u00e1s afectados sino que su ca\u00edda se hace evidente con los carteles de locales \u201ccerrados\u201d o \u201cse alquila\u201d. La Galer\u00eda del Paseo es una muestra clara de ese fen\u00f3meno: hay 17 comercios vac\u00edos.<\/p>\n<p>En ese pasaje comercial con frentes sobre Maip\u00fa al 800, peatonal C\u00f3rdoba y San Mart\u00edn, existen 160 locales y desde inicios de este a\u00f1o un 10 por ciento debi\u00f3 bajar las persianas.<\/p>\n<p>Las causas se repiten: la ca\u00edda en las ventas y la disparada de los costos fijos, por los servicios y el alquiler. S\u00f3lo de energ\u00eda, el consorcio debi\u00f3\u00a0pagar 280 mil pesos en febrero, cuando el mismo mes del a\u00f1o pasado la tarifa hab\u00eda llegado con 161 mil pesos (un 75 por ciento m\u00e1s).<\/p>\n<p>Fabio Acosta, titular de la Galer\u00eda, afirm\u00f3 que\u00a0en el pasaje se vive \u201cun fiel reflejo de lo que est\u00e1 pasando en la ciudad, porque a la recesi\u00f3n se le suman los tarifazos\u201d.<\/p>\n<h6>Fuente: Sin Mordaza<\/h6>\n","protected":false},"excerpt":{"rendered":"<p>El 10% de los 160 comercios del corredor que une Maip\u00fa, C\u00f3rdoba y San Mart\u00edn cesaron su actividad.<\/p>\n","protected":false},"author":2,"featured_media":88753,"comment_status":"closed","ping_status":"closed","sticky":false,"template":"","format":"standard","meta":{"footnotes":""},"categories":[2],"tags":[10],"class_list":["post-88752","post","type-post","status-publish","format-standard","has-post-thumbnail","hentry","category-informe-municipal","tag-santa-fe"],"_links":{"self":[{"href":"http:\/\/argentinamunicipal.com.ar\/argentina\/wp-json\/wp\/v2\/posts\/88752","targetHints":{"allow":["GET"]}}],"collection":[{"href":"http:\/\/argentinamunicipal.com.ar\/argentina\/wp-json\/wp\/v2\/posts"}],"about":[{"href":"http:\/\/argentinamunicipal.com.ar\/argentina\/wp-json\/wp\/v2\/types\/post"}],"author":[{"embeddable":true,"href":"http:\/\/argentinamunicipal.com.ar\/argentina\/wp-json\/wp\/v2\/users\/2"}],"replies":[{"embeddable":true,"href":"http:\/\/argentinamunicipal.com.ar\/argentina\/wp-json\/wp\/v2\/comments?post=88752"}],"version-history":[{"count":0,"href":"http:\/\/argentinamunicipal.com.ar\/argentina\/wp-json\/wp\/v2\/posts\/88752\/revisions"}],"wp:featuredmedia":[{"embeddable":true,"href":"http:\/\/argentinamunicipal.com.ar\/argentina\/wp-json\/wp\/v2\/media\/88753"}],"wp:attachment":[{"href":"http:\/\/argentinamunicipal.com.ar\/argentina\/wp-json\/wp\/v2\/media?parent=88752"}],"wp:term":[{"taxonomy":"category","embeddable":true,"href":"http:\/\/argentinamunicipal.com.ar\/argentina\/wp-json\/wp\/v2\/categories?post=88752"},{"taxonomy":"post_tag","embeddable":true,"href":"http:\/\/argentinamunicipal.com.ar\/argentina\/wp-json\/wp\/v2\/tags?post=88752"}],"curies":[{"name":"wp","href":"https:\/\/api.w.org\/{rel}","templated":true}]}}