{"id":88764,"date":"2019-04-04T19:21:13","date_gmt":"2019-04-04T22:21:13","guid":{"rendered":"http:\/\/argentinamunicipal.com.ar\/argentina\/?p=88764"},"modified":"2019-04-04T19:21:13","modified_gmt":"2019-04-04T22:21:13","slug":"santa-fe-los-intendentes-tienen-la-palabra","status":"publish","type":"post","link":"http:\/\/argentinamunicipal.com.ar\/argentina\/santa-fe-los-intendentes-tienen-la-palabra\/","title":{"rendered":"Santa Fe: Los intendentes tienen la palabra"},"content":{"rendered":"<p>Si no hay hoy una propuesta formal, los trabajadores de los municipios advirtieron que se profundizar\u00e1n las medidas de fuerza en la provincia.<\/p>\n<p>El secretario general del Sindicato de Trabajadores Municipales de Rosario , Antonio Ratner, asegur\u00f3 que si hoy \u00abno hay propuesta formal de aumento salarial, se profundizar\u00e1n las medidas de fuerza\u00bb. En ese sentido,\u00a0 al mediod\u00eda est\u00e1 prevista la reuni\u00f3n de la Federaci\u00f3n de Sindicatos Municipales donde esperan un anuncio concreto que ser\u00e1 analizado el viernes por los dirigentes de toda la provincia. Para el dirigente local, el retraso en la negociaci\u00f3n se debe a que los intendentes \u00abespeculan\u00bb con la mesa paritaria provincial, que est\u00e1 demorada. \u00abLos intendentes no quieren que sea muy diferente. Y como se demora el otro acuerdo, se demora el nuestro\u00bb, sintetiz\u00f3 Ratner.<\/p>\n<p>En rigor, ayer fue un d\u00eda de encuentros pero sin mayores anuncios: al mediod\u00eda se reunieron los integrantes de la comisi\u00f3n paritaria de los sindicatos municipales de Santa Fe y a la tarde el c\u00f3nclave fue con algunos intendentes de la provincia. Pero no asom\u00f3 la respuesta. \u00abHasta ahora no hemos tenido una propuesta, planteamos cl\u00e1usula gatillo, distintas alternativas, pero no hemos recibido ninguna oferta por parte de los intendentes, y nos preocupa porque ya estamos transitando el mes de abril\u00bb, agreg\u00f3.<\/p>\n<p>Frente a la ausencia de ofertas concretas, Ratner remarc\u00f3 que si no hab\u00eda propuesta habr\u00eda plan de lucha, aunque se mostr\u00f3 optimista frente al reuni\u00f3n del hoy. \u00abSe lo hemos hecho saber a los intendentes, esta es una semana para negociar\u00bb, dijo.Y admiti\u00f3 la posibilidad de paro: \u00abEs muy probable, no s\u00e9 si de 72 horas, pero se va a profundizar la medida de fuerza\u00bb.<\/p>\n<p>El titular del sindicato de municipales, dijo que el retraso en la negociaci\u00f3n lo aduce a \u00abuna especulaci\u00f3n por parte de los intendentes de no realizar una propuesta que sea muy diferente a la de la provincia, entonces como se demora el otro acuerdo, se demora el nuestro\u00bb.<\/p>\n<p>Asimismo precis\u00f3 que cuando se concrete la oferta, \u00abse discutir\u00e1 el porcentaje, sueldo m\u00ednimo, pase a planta permanente, y eso se trasladar\u00e1 a un plenario para ver si esto se aprueba a o no, pero hoy no tenemos ninguna propuesta\u00bb.<\/p>\n<p>\u00abLo que estamos tratando es que el aumento acompa\u00f1e el proceso inflacionario, por eso la cl\u00e1usula gatillo, que permita tener certidumbre, para saber c\u00f3mo pagar los aumentos de tarifas, de naftas, de los alimentos, en esta realidad que nos preocupa a todos\u00bb, cerr\u00f3.<\/p>\n<p>Ayer el secretario general de la Federaci\u00f3n Santafesina de Trabajadores Municipales (Festram), Claudio Leoni, confirm\u00f3 que fueron convocados por el Ejecutivo provincial a una reuni\u00f3n paritaria para este mediod\u00eda. El resultado de este encuentro ser\u00e1 definitorio ya que se estima que en caso de no recibirse una propuesta acorde a las expectativas, el viernes se podr\u00eda resolver una nueva medida de fuerza.<\/p>\n<p>La semana pasada, el sector llev\u00f3 adelante una medida de fuerza por 48 horas. Consultada entonces la intendenta, M\u00f3nica Fein, se\u00f1al\u00f3 que le parec\u00eda \u00abinjustificada la medida\u00bb. Y agreg\u00f3: \u00abSe mezcla con el tema electoral, a los trabajadores municipales de la provincia le dimos la cl\u00e1usula gatillo, el 49,9% de aumento, le hemos ofrecido que le pag\u00e1bamos enero y febrero la inflaci\u00f3n y que segu\u00edamos discutiendo y nos respondieron con un paro\u00bb. \u00abEs una decisi\u00f3n pol\u00edtica, no s\u00f3lo gremial\u00bb, apunt\u00f3 y solicit\u00f3 \u00abno perjudicar a los que m\u00e1s necesitan\u00bb.<\/p>\n<h6>Fuente: P\u00e1gina 12 Rosario<\/h6>\n","protected":false},"excerpt":{"rendered":"<p>Si no hay hoy una propuesta formal, los trabajadores de los municipios advirtieron que se profundizar\u00e1n las medidas de fuerza en la provincia.<\/p>\n","protected":false},"author":2,"featured_media":88765,"comment_status":"closed","ping_status":"closed","sticky":false,"template":"","format":"standard","meta":{"footnotes":""},"categories":[7],"tags":[10],"class_list":["post-88764","post","type-post","status-publish","format-standard","has-post-thumbnail","hentry","category-informe-sindical","tag-santa-fe"],"_links":{"self":[{"href":"http:\/\/argentinamunicipal.com.ar\/argentina\/wp-json\/wp\/v2\/posts\/88764","targetHints":{"allow":["GET"]}}],"collection":[{"href":"http:\/\/argentinamunicipal.com.ar\/argentina\/wp-json\/wp\/v2\/posts"}],"about":[{"href":"http:\/\/argentinamunicipal.com.ar\/argentina\/wp-json\/wp\/v2\/types\/post"}],"author":[{"embeddable":true,"href":"http:\/\/argentinamunicipal.com.ar\/argentina\/wp-json\/wp\/v2\/users\/2"}],"replies":[{"embeddable":true,"href":"http:\/\/argentinamunicipal.com.ar\/argentina\/wp-json\/wp\/v2\/comments?post=88764"}],"version-history":[{"count":0,"href":"http:\/\/argentinamunicipal.com.ar\/argentina\/wp-json\/wp\/v2\/posts\/88764\/revisions"}],"wp:featuredmedia":[{"embeddable":true,"href":"http:\/\/argentinamunicipal.com.ar\/argentina\/wp-json\/wp\/v2\/media\/88765"}],"wp:attachment":[{"href":"http:\/\/argentinamunicipal.com.ar\/argentina\/wp-json\/wp\/v2\/media?parent=88764"}],"wp:term":[{"taxonomy":"category","embeddable":true,"href":"http:\/\/argentinamunicipal.com.ar\/argentina\/wp-json\/wp\/v2\/categories?post=88764"},{"taxonomy":"post_tag","embeddable":true,"href":"http:\/\/argentinamunicipal.com.ar\/argentina\/wp-json\/wp\/v2\/tags?post=88764"}],"curies":[{"name":"wp","href":"https:\/\/api.w.org\/{rel}","templated":true}]}}