{"id":88803,"date":"2019-04-05T07:20:11","date_gmt":"2019-04-05T10:20:11","guid":{"rendered":"http:\/\/argentinamunicipal.com.ar\/argentina\/?p=88803"},"modified":"2019-04-05T07:20:11","modified_gmt":"2019-04-05T10:20:11","slug":"paritaria-municipal-santafesina-el-12-de-suba-no-dejo-conforme-a-festram","status":"publish","type":"post","link":"http:\/\/argentinamunicipal.com.ar\/argentina\/paritaria-municipal-santafesina-el-12-de-suba-no-dejo-conforme-a-festram\/","title":{"rendered":"Paritaria municipal santafesina: el 12% de suba no dej\u00f3 conforme a Festram"},"content":{"rendered":"<p>La oferta no fue aprobada por el sindicato y ser\u00e1 analizada por el plenario de Secretarios Generales del gremio este viernes. Se vuelven a reunir el pr\u00f3ximo martes<\/p>\n<p>Los intendentes y presidentes comunales de Santa Fe hicieron una nueva oferta de incremento salarial a los trabajadores municipales de la provincia, nucleados en Festram<\/p>\n<p>La misma consiste en\u00a0un incremento del 12 por ciento\u00a0a partir del mes de marzo, con cl\u00e1usula gatillo. Adem\u00e1s, ofrecen volver\u00a0 reunirse en el mes de julio para evaluar y analizar la situaci\u00f3n econ\u00f3mica de los municipios y comunas y el pago de los salarios.<\/p>\n<p>\u00ab\u00bfEra la propuesta que esperaban?\u00bb, le preguntaron a\u00a0Claudio Leoni. El secretario General de Festram respondi\u00f3: \u00abDe ninguna manera, porque sino la hubi\u00e9ramos aceptado. Lo que nosotros vamos a hacer ahora es poner a consideraci\u00f3n del plenario de secretarios generales, que es nuestra obligaci\u00f3n, y vamos a pasar a un cuarto intermedio para el d\u00eda martes para traer a esta reuni\u00f3n la decisi\u00f3n que tomen el viernes los secretarios generales\u00bb<\/p>\n<p>\u00abEs la primera propuesta que nos hacen los intentendentes\u00bb, afirm\u00f3 Leoni. Consultado sobre\u00a0si podr\u00edan existir medidas de fuerza, respondi\u00f3: \u00abEso lo va a resolver el plenario de secretarios generales. Hasta el martes no, pero el plenario puede resolver si es que hay un rechazo a esta pol\u00edtica salarial\u00bb.<\/p>\n<p>\u00abHemos planteado en la mesa la situaci\u00f3n que venimos reiterando, que es el incremento de los precios, lo que ustedes conocen, la necesidad de\u00a0no atar la recaudaci\u00f3n a cl\u00e1usula. Creemos que\u00a0la cl\u00e1usula tiene que ser independiente de cualquier resoluci\u00f3n econ\u00f3mica y financiera\u00bb, coment\u00f3.<\/p>\n<p>Leoni insisti\u00f3 en que\u00a0la propuesta que acercaron no es satisfactoria. \u00abNo estamos de acuerdo pero la vamos a poner a consideraci\u00f3n del plenario de secretarios generales, discutiremos y el martes daremos una respuesta\u00bb<\/p>\n<p>\u00abNosotros (los paritarios) tenemos facultad para firmarla pero creemos que la propuesta debe ser analizada por todos los gremios. Entend\u00edamos que pod\u00eda haber una mejor oferta y es lo que vamos a discutir\u00bb, apunt\u00f3.<\/p>\n<p>\u00abEntendemos que puede haber alg\u00fan tipo de mejora y se lo vamos a transmitir al plenario.\u00a0Si el plenario lo considera as\u00ed, seguiremos la negociaci\u00f3n o adoptaremos otra medida\u00bb,\u00a0 reiter\u00f3.<\/p>\n<h6>Fuente: Uno<\/h6>\n","protected":false},"excerpt":{"rendered":"<p>La oferta no fue aprobada por el sindicato y ser\u00e1 analizada por el plenario de Secretarios Generales del gremio este viernes. Se vuelven a reunir el pr\u00f3ximo martes<\/p>\n","protected":false},"author":2,"featured_media":88804,"comment_status":"closed","ping_status":"closed","sticky":false,"template":"","format":"standard","meta":{"footnotes":""},"categories":[7],"tags":[10],"class_list":["post-88803","post","type-post","status-publish","format-standard","has-post-thumbnail","hentry","category-informe-sindical","tag-santa-fe"],"_links":{"self":[{"href":"http:\/\/argentinamunicipal.com.ar\/argentina\/wp-json\/wp\/v2\/posts\/88803","targetHints":{"allow":["GET"]}}],"collection":[{"href":"http:\/\/argentinamunicipal.com.ar\/argentina\/wp-json\/wp\/v2\/posts"}],"about":[{"href":"http:\/\/argentinamunicipal.com.ar\/argentina\/wp-json\/wp\/v2\/types\/post"}],"author":[{"embeddable":true,"href":"http:\/\/argentinamunicipal.com.ar\/argentina\/wp-json\/wp\/v2\/users\/2"}],"replies":[{"embeddable":true,"href":"http:\/\/argentinamunicipal.com.ar\/argentina\/wp-json\/wp\/v2\/comments?post=88803"}],"version-history":[{"count":0,"href":"http:\/\/argentinamunicipal.com.ar\/argentina\/wp-json\/wp\/v2\/posts\/88803\/revisions"}],"wp:featuredmedia":[{"embeddable":true,"href":"http:\/\/argentinamunicipal.com.ar\/argentina\/wp-json\/wp\/v2\/media\/88804"}],"wp:attachment":[{"href":"http:\/\/argentinamunicipal.com.ar\/argentina\/wp-json\/wp\/v2\/media?parent=88803"}],"wp:term":[{"taxonomy":"category","embeddable":true,"href":"http:\/\/argentinamunicipal.com.ar\/argentina\/wp-json\/wp\/v2\/categories?post=88803"},{"taxonomy":"post_tag","embeddable":true,"href":"http:\/\/argentinamunicipal.com.ar\/argentina\/wp-json\/wp\/v2\/tags?post=88803"}],"curies":[{"name":"wp","href":"https:\/\/api.w.org\/{rel}","templated":true}]}}