{"id":88806,"date":"2019-04-05T07:22:41","date_gmt":"2019-04-05T10:22:41","guid":{"rendered":"http:\/\/argentinamunicipal.com.ar\/argentina\/?p=88806"},"modified":"2019-04-05T07:22:41","modified_gmt":"2019-04-05T10:22:41","slug":"rosario-en-transporte-el-gobierno-macrista-acompana-solo-a-los-distritos-mas-ricos","status":"publish","type":"post","link":"http:\/\/argentinamunicipal.com.ar\/argentina\/rosario-en-transporte-el-gobierno-macrista-acompana-solo-a-los-distritos-mas-ricos\/","title":{"rendered":"Rosario: \u00abEn transporte, el gobierno macrista acompa\u00f1a s\u00f3lo a los distritos m\u00e1s ricos\u00bb"},"content":{"rendered":"<p>As\u00ed lo asegur\u00f3 ayer la intendenta M\u00f3nica Fein, quien renov\u00f3 sus cr\u00edticas por los subsidios al sector y se quej\u00f3 de las \u00abinequidades\u00bb.<\/p>\n<p>\u00abEn materia de transporte, el gobierno macrista tom\u00f3 la decisi\u00f3n de acompa\u00f1ar s\u00f3lo a los distritos m\u00e1s ricos: Buenos Aires y su \u00e1rea metropolitana\u00bb, lanz\u00f3 ayer la intendenta M\u00f3nica Fein en el marco de una jornada plagada de declaraciones cruzadas por los subsidios al sector que otorga la Naci\u00f3n. La jefa comunal le pidi\u00f3 una audiencia al ministro de Transporte, Guillermo Dietrich, a quien le reclamar\u00e1 \u00abtransparencia en el manejo de los subsidios\u00bb.<\/p>\n<p>El enojo de Fein lleg\u00f3 luego de publicaciones period\u00edsticas que dieron cuenta de que Naci\u00f3n se har\u00eda cargo del impacto que genera el aumento de los combustibles en los sistemas de transporte de la ciudad de Buenos Aires, su \u00e1rea metropolitana (Amba) y la provincia de Buenos Aires. Una cifra estimada en unos 100 millones de pesos mensuales s\u00f3lo en el Amba. Mientras tanto, en Rosario ese gasto debe cubrirlo el municipio.<\/p>\n<p>Las publicaciones reavivaron un debate hist\u00f3rico sobre el reparto de subsidios al transporte, un reclamo que Rosario sostiene desde la gesti\u00f3n kirchnerista, pero que adem\u00e1s en tiempos electorales tienen otros ecos.<\/p>\n<p>\u00abSe vio en todos los medios al presidente Mauricio Macri inaugurando colectivos en Jun\u00edn, provincia de Buenos Aires, con el logo de Presidencia de la Naci\u00f3n y junto a la gobernadora Mar\u00eda Eugenia Vidal\u00bb, lanz\u00f3 ayer la intendenta al tiempo que record\u00f3 que \u00abcuando Rosario pidi\u00f3 aportes para concretar la segunda etapa del Metrobus, nos dijeron que no, pero s\u00ed lo hicieron en Mor\u00f3n y otros distritos de Buenos Aires con dinero de todos los argentinos\u00bb.<\/p>\n<p><strong>Mentiras y desigualdades<\/strong><\/p>\n<p>M\u00e1s all\u00e1 de las respuestas de los funcionarios macristas, locales y nacionales, que negaron un cambio en la pol\u00edtica de subsidios discutida en diciembre pasado y calificaron de \u00aberr\u00f3nea\u00bb la versi\u00f3n de nuevos aportes para el Amba, Fein afirm\u00f3 que \u00abel sistema es inequitativo; lo fue durante el kirchnerismo, que profundiz\u00f3 esa situaci\u00f3n, y es mentira que este gobierno lo haya revertido\u00bb.<\/p>\n<p>En ese punto, volvi\u00f3 a aclarar que un ciudadano porte\u00f1o recibe en concepto de subsidios al transporte un 350 por ciento m\u00e1s que un rosarino. En n\u00fameros absolutos, en enero pasado, Naci\u00f3n subsidi\u00f3 el boleto de un habitante de Caba con 135 pesos y el de un rosarino con apenas 39.<\/p>\n<p>A eso se suman los aportes que directamente recibe el Amba desde el Tesoro Nacional. \u00abEsta gesti\u00f3n retir\u00f3 subsidios, como al combustible, que debe ser absorbido por las provincias que ahora reciben una suma fija. Sin embargo, desde el Tesoro Nacional se subsidia lo que ellos llaman \u00abjurisdicci\u00f3n nacional\u00bb y que no son m\u00e1s que todas las l\u00edneas de transporte que tienen recorridos entre la Ciudad de Buenos Aires y cualquier distrito de la provincia, como pueden ser San Isidro o Mart\u00ednez, algo que pagamos tambi\u00e9n todos los argentinos y que en Santa Fe, ni en ninguna otra provincia del pa\u00eds, ocurre\u00bb, grafic\u00f3 la intendenta.<\/p>\n<p><strong>Crisis<\/strong><\/p>\n<p>El sistema de transporte local est\u00e1 en plena transici\u00f3n hacia un nuevo esquema y sufre los embates de los aumentos de insumos, a lo que se sumar\u00e1 la paritaria de los choferes nucleados en la Uni\u00f3n Tranviaria Automotor (UTA). No obstante, Fein ratific\u00f3 ayer que no aumentar\u00e1 la tarifa.<\/p>\n<p>M\u00e1s all\u00e1 de eso, explic\u00f3 que la crisis del transporte no se da s\u00f3lo en Rosario. \u00abEn todo el pa\u00eds estamos en la misma situaci\u00f3n, porque en la medida en que la inflaci\u00f3n no pare y el combustible no deje de aumentar, somos las ciudades las que seguimos poniendo la cara ante la clara falta de resultados de las pol\u00edticas econ\u00f3micas de la Naci\u00f3n\u00bb, dispar\u00f3.La paritaria de la UTA no es un dato menor, ya que record\u00f3 que la gesti\u00f3n macrista tambi\u00e9n dej\u00f3 de absorber los incrementos salariales de los choferes.<\/p>\n<p>\u00abAnte esta situaci\u00f3n cr\u00edtica, de la que s\u00f3lo est\u00e1n exentos Caba y Buenos Aires, no hubo ni una sola acci\u00f3n ni convocatoria del gobierno nacional\u00bb, remarc\u00f3 y detall\u00f3 que ya elev\u00f3 el pedido de audiencia al ministro de Transporte. \u00abExigimos transparencia en el manejo de los recursos y eso lo tiene que aclarar Dietrich\u00bb, cerr\u00f3.<\/p>\n<h6>Fuente: La Capital<\/h6>\n","protected":false},"excerpt":{"rendered":"<p>As\u00ed lo asegur\u00f3 ayer la intendenta M\u00f3nica Fein, quien renov\u00f3 sus cr\u00edticas por los subsidios al sector y se quej\u00f3 de las \u00abinequidades\u00bb.<\/p>\n","protected":false},"author":2,"featured_media":88807,"comment_status":"closed","ping_status":"closed","sticky":false,"template":"","format":"standard","meta":{"footnotes":""},"categories":[4],"tags":[10],"class_list":["post-88806","post","type-post","status-publish","format-standard","has-post-thumbnail","hentry","category-informe-politico","tag-santa-fe"],"_links":{"self":[{"href":"http:\/\/argentinamunicipal.com.ar\/argentina\/wp-json\/wp\/v2\/posts\/88806","targetHints":{"allow":["GET"]}}],"collection":[{"href":"http:\/\/argentinamunicipal.com.ar\/argentina\/wp-json\/wp\/v2\/posts"}],"about":[{"href":"http:\/\/argentinamunicipal.com.ar\/argentina\/wp-json\/wp\/v2\/types\/post"}],"author":[{"embeddable":true,"href":"http:\/\/argentinamunicipal.com.ar\/argentina\/wp-json\/wp\/v2\/users\/2"}],"replies":[{"embeddable":true,"href":"http:\/\/argentinamunicipal.com.ar\/argentina\/wp-json\/wp\/v2\/comments?post=88806"}],"version-history":[{"count":0,"href":"http:\/\/argentinamunicipal.com.ar\/argentina\/wp-json\/wp\/v2\/posts\/88806\/revisions"}],"wp:featuredmedia":[{"embeddable":true,"href":"http:\/\/argentinamunicipal.com.ar\/argentina\/wp-json\/wp\/v2\/media\/88807"}],"wp:attachment":[{"href":"http:\/\/argentinamunicipal.com.ar\/argentina\/wp-json\/wp\/v2\/media?parent=88806"}],"wp:term":[{"taxonomy":"category","embeddable":true,"href":"http:\/\/argentinamunicipal.com.ar\/argentina\/wp-json\/wp\/v2\/categories?post=88806"},{"taxonomy":"post_tag","embeddable":true,"href":"http:\/\/argentinamunicipal.com.ar\/argentina\/wp-json\/wp\/v2\/tags?post=88806"}],"curies":[{"name":"wp","href":"https:\/\/api.w.org\/{rel}","templated":true}]}}