{"id":88906,"date":"2019-04-08T06:20:39","date_gmt":"2019-04-08T09:20:39","guid":{"rendered":"http:\/\/argentinamunicipal.com.ar\/argentina\/?p=88906"},"modified":"2019-04-08T08:22:01","modified_gmt":"2019-04-08T11:22:01","slug":"desde-el-viernes-rosario-tendra-su-mercado-de-frutos-culturales","status":"publish","type":"post","link":"http:\/\/argentinamunicipal.com.ar\/argentina\/desde-el-viernes-rosario-tendra-su-mercado-de-frutos-culturales\/","title":{"rendered":"Desde el viernes Rosario tendr\u00e1 su Mercado de Frutos Culturales"},"content":{"rendered":"<p>Estar\u00e1 en el Galp\u00f3n 17 de la Franja Joven del r\u00edo. Tendr\u00e1 37 puestos de indumentarias, dise\u00f1o, flores, vinilos, c\u00f3mics y mucho m\u00e1s.<\/p>\n<p>Unos 37 puestos integrar\u00e1n el Mercado de Frutos Culturales en el renovado galp\u00f3n 17 de la Franja del R\u00edo, en la costa central. Se tratar\u00e1 de un espacio de circulaci\u00f3n y venta privilegiado para productores y comerciantes de Rosario y la regi\u00f3n, que estar\u00e1 abierto viernes, s\u00e1bados, domingos y feriados, a partir de la tarde hasta la noche. Todos los galpones de la franja abrir\u00e1n oficialmente este viernes, con un show de Dante Spinetta.<\/p>\n<p>En el Mercado de Frutos Culturales, los visitantes podr\u00e1n no solamente recorrer los puestos sino tambi\u00e9n disfrutar de un espacio de usos m\u00faltiples con programaci\u00f3n tanto de actividades art\u00edsticas y culturales como laboratorios, cl\u00ednicas y charlas destinadas al desarrollo de las industrias culturales y creativas.<\/p>\n<p>La ministra de Innovaci\u00f3n y Cultura, Mar\u00eda de los Angeles \u00abChiqui\u00bb Gonz\u00e1lez, destac\u00f3 que \u00abse presentaron m\u00e1s de cien propuestas para ocupar esos espacios, y se hizo un gran trabajo de preselecci\u00f3n para finalmente poder firmar estos 37 convenios con quienes tendr\u00e1n el desaf\u00edo de ser los primeros en habitar este espacio\u00bb, al tiempo que anunci\u00f3 que \u00abSe est\u00e1 poniendo todo en condiciones para abrir lo antes posible\u00bb.<\/p>\n<p>\u00abEsto es un gran regalo para Rosario, porque estos galpones pasar\u00e1n a formar parte de la vida cotidiana de mucha gente. Esperamos que este lugar se llene, que sea un enjambre de gente que venga a conocer, apoyar, mirar y comprar productos culturales en los puestos, que ofrecer\u00e1n productos hechos en la ciudad o la regi\u00f3n\u00bb, puntualiz\u00f3.<\/p>\n<p>El secretario de Cultura de la Municipalidad, Guillermo R\u00edos, indic\u00f3 que la apertura del mercado ser\u00e1 este viernes, a las 15, al tiempo que anunci\u00f3 que desde las 18 \u00abhabr\u00e1 una amplia programaci\u00f3n en los cuatro galpones, con propuestas en simult\u00e1neo y un cierre a cargo de Dante Spinetta\u00bb.<\/p>\n<p>El Mercado de Frutos Culturales ser\u00e1 compartido por rubros de indumentaria, dise\u00f1o de objetos y accesorios, junto a flores, plantas, productos de almac\u00e9n artesanales, golosinas, juegos, juguetes, CDs, DVDs, vinilos, mercer\u00eda, revistas, c\u00f3mics, manga, coleccionismo, papeler\u00eda, afiches y postales.<\/p>\n<p>Las 37 propuestas seleccionadas participaron de la primera convocatoria p\u00fablica del Mercado del R\u00edo Frutos Culturales, que se mantuvo abierta desde comienzos de diciembre de 2018 hasta finales de febrero de este a\u00f1o en el sitio web del programa Espacio Santafesino (www.espaciosantafesino.gob.ar).<\/p>\n<p>Se presentaron m\u00e1s de 100 propuestas de productores y comerciantes de toda la provincia que fueron analizadas por un comit\u00e9 de selecci\u00f3n designado por el Ministerio de Innovaci\u00f3n y Cultura mediante los criterios establecidos en la convocatoria: antecedentes del proponente; calidad integral de los productos; impacto en los campos de producci\u00f3n local y regional; innovaci\u00f3n y potencialidad de la propuesta comercial y su desarrollo; viabilidad y sustentabilidad del puesto; competitividad de precios y stock de productos.<\/p>\n<p>La iniciativa es una acci\u00f3n compartida entre la sociedad y el Estado cuyos fines son diversificar la oferta de bienes culturales para el p\u00fablico en general, con productos que se diferencien de la oferta masiva por su calidad, innovaci\u00f3n y precios; favorecer la cooperaci\u00f3n y el asociativismo entre productores y comerciantes; dinamizar la producci\u00f3n, exhibici\u00f3n y venta de los bienes culturales, y promover una circulaci\u00f3n m\u00e1s plural y equitativa de la producci\u00f3n santafesina.<\/p>\n<p>Seg\u00fan se consign\u00f3, todos estos objetivos est\u00e1n enmarcados en las pol\u00edticas de est\u00edmulo a las empresas y emprendimientos culturales y creativos que se sostienen hace once a\u00f1os, entre las cuales se destaca el programa provincial Espacio Santafesino.<\/p>\n<h6>Fuente: La Capital<\/h6>\n","protected":false},"excerpt":{"rendered":"<p>Estar\u00e1 en el Galp\u00f3n 17 de la Franja Joven del r\u00edo. Tendr\u00e1 37 puestos de indumentarias, dise\u00f1o, flores, vinilos, c\u00f3mics y mucho m\u00e1s.\u00a0<\/p>\n","protected":false},"author":2,"featured_media":88907,"comment_status":"closed","ping_status":"closed","sticky":false,"template":"","format":"standard","meta":{"footnotes":""},"categories":[2],"tags":[10],"class_list":["post-88906","post","type-post","status-publish","format-standard","has-post-thumbnail","hentry","category-informe-municipal","tag-santa-fe"],"_links":{"self":[{"href":"http:\/\/argentinamunicipal.com.ar\/argentina\/wp-json\/wp\/v2\/posts\/88906","targetHints":{"allow":["GET"]}}],"collection":[{"href":"http:\/\/argentinamunicipal.com.ar\/argentina\/wp-json\/wp\/v2\/posts"}],"about":[{"href":"http:\/\/argentinamunicipal.com.ar\/argentina\/wp-json\/wp\/v2\/types\/post"}],"author":[{"embeddable":true,"href":"http:\/\/argentinamunicipal.com.ar\/argentina\/wp-json\/wp\/v2\/users\/2"}],"replies":[{"embeddable":true,"href":"http:\/\/argentinamunicipal.com.ar\/argentina\/wp-json\/wp\/v2\/comments?post=88906"}],"version-history":[{"count":0,"href":"http:\/\/argentinamunicipal.com.ar\/argentina\/wp-json\/wp\/v2\/posts\/88906\/revisions"}],"wp:featuredmedia":[{"embeddable":true,"href":"http:\/\/argentinamunicipal.com.ar\/argentina\/wp-json\/wp\/v2\/media\/88907"}],"wp:attachment":[{"href":"http:\/\/argentinamunicipal.com.ar\/argentina\/wp-json\/wp\/v2\/media?parent=88906"}],"wp:term":[{"taxonomy":"category","embeddable":true,"href":"http:\/\/argentinamunicipal.com.ar\/argentina\/wp-json\/wp\/v2\/categories?post=88906"},{"taxonomy":"post_tag","embeddable":true,"href":"http:\/\/argentinamunicipal.com.ar\/argentina\/wp-json\/wp\/v2\/tags?post=88906"}],"curies":[{"name":"wp","href":"https:\/\/api.w.org\/{rel}","templated":true}]}}