{"id":88930,"date":"2019-04-09T07:41:19","date_gmt":"2019-04-09T10:41:19","guid":{"rendered":"http:\/\/argentinamunicipal.com.ar\/argentina\/?p=88930"},"modified":"2019-04-09T07:41:19","modified_gmt":"2019-04-09T10:41:19","slug":"para-el-comercio-santafesino-la-caida-no-tiene-piso-y-el-futuro-no-es-promisorio","status":"publish","type":"post","link":"http:\/\/argentinamunicipal.com.ar\/argentina\/para-el-comercio-santafesino-la-caida-no-tiene-piso-y-el-futuro-no-es-promisorio\/","title":{"rendered":"Para el comercio santafesino \u201cla ca\u00edda no tiene piso y el futuro no es promisorio\u201d"},"content":{"rendered":"<p>En marzo de este a\u00f1o, el 93% de los mercantiles afirm\u00f3 haber vendido menos que igual mes del a\u00f1o pasado. El restante 7% vendi\u00f3 igual cantidad que en 2018<\/p>\n<p>Pas\u00f3 m\u00e1s de un a\u00f1o sin que el comercio santafesino pueda mostrar n\u00fameros de ventas positivos. En los \u00faltimos 15 meses, todos los informes del Centro Comercial hablan de ca\u00edda de ventas en la comparaci\u00f3n interanual, con el aditivo de que desde finales de 2018 desaparecieron de los relevamientos, aunque sea en un \u00ednfimo porcentaje, negocios que hayan vendido m\u00e1s que el mismo mes del a\u00f1o anterior.<\/p>\n<p>Una situaci\u00f3n que no escapa a la realidad del comercio a nivel pa\u00eds, ni a la ca\u00edda de la actividad industrial y que obviamente est\u00e1 absolutamente ligada a la p\u00e9rdida de poder adquisitivo y a la consecuente ca\u00edda del consumo. Seg\u00fan los datos de la entidad mercantil santafesina, solo un 6,7% de los comerciantes encuestados declar\u00f3 haber vendido igual cantidad que hace un a\u00f1o.<\/p>\n<p>El resto, el 93,3% de los comercios, reconoci\u00f3 haber vendido menos, con ca\u00eddas que van desde el 10% hasta m\u00e1s del 30%.\u00a0En ese marco, m\u00e1s de un 60% de los mercantiles disminuy\u00f3 sus ventas en 20% o m\u00e1s. Es decir, el 36,6% declar\u00f3 ca\u00eddas de 20%, \u201cpero tambi\u00e9n es importante un 30% que inform\u00f3 haber tenido ca\u00eddas interanuales de un 30% y m\u00e1s, llegando en algunos casos a informar disminuciones de ventas de 40% y hasta de 50%\u201d, advierte el informe.<\/p>\n<p>En el an\u00e1lisis de los datos, en di\u00e1logo con\u00a0UNO Santa Fe, el presidente del Centro Comercial de Santa Fe, Daniel Bustamante, se\u00f1al\u00f3 que los resultados del relevamiento de ventas son m\u00e1s de lo mismo. \u00abSigue siendo lo mismo,\u00a0la ca\u00edda no tiene piso y la situaci\u00f3n no cambia de un mes para otro\u00bb, reflej\u00f3.\u00a0\u00abEl comercio sigue con ventas en ca\u00edda y el futuro no es promisorio\u00bb, agreg\u00f3 el dirigente.<\/p>\n<p><strong>Expectativas a futuro<\/strong><\/p>\n<p>Otra de las consultas realizadas en la encuesta a comercios tiene que ver con la expectativa sobre el futuro. El 37,5% indic\u00f3 que se mantendr\u00e1n las condiciones actuales, aunque un 34,4% cree que se incrementar\u00e1n sus ventas, \u201cjustificado en aquellos comercios de rubros que aguardan ventas de temporada (generalmente indumentaria)\u201d.<\/p>\n<p>\u201cVolvemos a interpretar \u2013al igual que el mes anterior\u2013 que existe una especie de \u201caceptaci\u00f3n\u201d de nuevos niveles de actividad, a los cuales necesariamente deber\u00e1 ajustar el comerciante sus propios n\u00fameros internos\u201d, aclara el trabajo del Centro Comercial.<\/p>\n<p>Paralelamente, se conoci\u00f3 durante el fin de semana que el gobierno nacional, empujado por las encuestas que marcan el descontento social por la realidad econ\u00f3mica, estudia un paquete de medidas para reactivar el consumo antes de las elecciones. Entre las iniciativas que trascendieron, se habla de un acuerdo de precios, la ampliaci\u00f3n de los programas de compra con tarjeta (Ahora 12), un retoque en el esquema de aumento de tarifas y de un recorte de IVA para las compras de jubilados y beneficiarios de planes sociales.<\/p>\n<p>Consultado al respecto, Bustamante celebr\u00f3 que se tomen medidas pero dijo que \u201chay que tomar con pinzas lo de la reactivaci\u00f3n, porque la gente est\u00e1 tan endeudada con las tarjetas que no va a poder disfrutar mucho de la compra con Ahora 12, o con los planes de electrodom\u00e9sticos\u201d.<\/p>\n<p>\u201cAc\u00e1 vienen a comprar cosas de 2.000 o 3.000 pesos y pagan con dos o tres tarjetas\u201d, grafic\u00f3 respecto de la situaci\u00f3n de los clientes en los comercios.<br \/>\n\u201cSon todos paliativos, ojal\u00e1 que se vea de alguna manera. El objetivo del gobierno es que haya de alguna forma un poco de dinero que circule, pero lo vemos muy acotado por el endeudamiento que tiene la gente con las tarjetas\u201d, concluy\u00f3.<\/p>\n<p><strong>Factores de ca\u00eddas de ventas<\/strong><\/p>\n<p>Por \u00faltimo, se pregunt\u00f3 a los comercios acerca de las causas que han generado el descenso de ventas y la mayor respuesta obtenida fue la \u201cca\u00edda del poder adquisitivo\u201d con un 36,7%. En tanto, un 16,7% cree que los altos intereses de financiaci\u00f3n de las tarjetas de cr\u00e9dito est\u00e1n siendo un obst\u00e1culo para el desarrollo normal de las ventas, y un 10% aludi\u00f3 al \u201cdes\u00e1nimo de la gente\u201d advirtiendo cierto desaliento o desilusi\u00f3n en los consumidores, confirmando ello que las expectativas siempre han sido un componente importante en los comportamientos econ\u00f3micos de los actores.<\/p>\n<h6>Fuente: Uno<\/h6>\n","protected":false},"excerpt":{"rendered":"<p>En marzo de este a\u00f1o, el 93% de los mercantiles afirm\u00f3 haber vendido menos que igual mes del a\u00f1o pasado. El restante 7% vendi\u00f3 igual cantidad que en 2018<\/p>\n","protected":false},"author":2,"featured_media":88931,"comment_status":"closed","ping_status":"closed","sticky":false,"template":"","format":"standard","meta":{"footnotes":""},"categories":[5],"tags":[10],"class_list":["post-88930","post","type-post","status-publish","format-standard","has-post-thumbnail","hentry","category-informe-economico","tag-santa-fe"],"_links":{"self":[{"href":"http:\/\/argentinamunicipal.com.ar\/argentina\/wp-json\/wp\/v2\/posts\/88930","targetHints":{"allow":["GET"]}}],"collection":[{"href":"http:\/\/argentinamunicipal.com.ar\/argentina\/wp-json\/wp\/v2\/posts"}],"about":[{"href":"http:\/\/argentinamunicipal.com.ar\/argentina\/wp-json\/wp\/v2\/types\/post"}],"author":[{"embeddable":true,"href":"http:\/\/argentinamunicipal.com.ar\/argentina\/wp-json\/wp\/v2\/users\/2"}],"replies":[{"embeddable":true,"href":"http:\/\/argentinamunicipal.com.ar\/argentina\/wp-json\/wp\/v2\/comments?post=88930"}],"version-history":[{"count":0,"href":"http:\/\/argentinamunicipal.com.ar\/argentina\/wp-json\/wp\/v2\/posts\/88930\/revisions"}],"wp:featuredmedia":[{"embeddable":true,"href":"http:\/\/argentinamunicipal.com.ar\/argentina\/wp-json\/wp\/v2\/media\/88931"}],"wp:attachment":[{"href":"http:\/\/argentinamunicipal.com.ar\/argentina\/wp-json\/wp\/v2\/media?parent=88930"}],"wp:term":[{"taxonomy":"category","embeddable":true,"href":"http:\/\/argentinamunicipal.com.ar\/argentina\/wp-json\/wp\/v2\/categories?post=88930"},{"taxonomy":"post_tag","embeddable":true,"href":"http:\/\/argentinamunicipal.com.ar\/argentina\/wp-json\/wp\/v2\/tags?post=88930"}],"curies":[{"name":"wp","href":"https:\/\/api.w.org\/{rel}","templated":true}]}}