{"id":88933,"date":"2019-04-09T07:44:13","date_gmt":"2019-04-09T10:44:13","guid":{"rendered":"http:\/\/argentinamunicipal.com.ar\/argentina\/?p=88933"},"modified":"2019-04-09T07:44:13","modified_gmt":"2019-04-09T10:44:13","slug":"bunge-puerto-san-martin-despide-personal-desde-fines-del-ano-pasado","status":"publish","type":"post","link":"http:\/\/argentinamunicipal.com.ar\/argentina\/bunge-puerto-san-martin-despide-personal-desde-fines-del-ano-pasado\/","title":{"rendered":"Bunge Puerto San Mart\u00edn \u201cdespide\u201d personal desde fines del a\u00f1o pasado"},"content":{"rendered":"<p>El Sindicato de Obreros y Empelados Aceiteros (SOEA) del departamento San Lorenzo denunci\u00f3 a la agroexportadora Bunge por promover \u201ccesant\u00edas\u201d en su planta radicada en Puerto San Mart\u00edn.<\/p>\n<p>El Sindicato de Obreros y Empelados Aceiteros (SOEA) del departamento San Lorenzo denunci\u00f3 a la agroexportadora Bunge por promover \u201ccesant\u00edas\u201d en su planta radicada en Puerto San Mart\u00edn.<\/p>\n<p>\u201cDesde fines del a\u00f1o pasado, a la fecha, se produjeron alrededor de 30 despidos encubiertos\u201d, apunt\u00f3 el secretario general de la entidad obrera, Pablo Reguera, en declaraciones.<\/p>\n<p>\u201cLa empresa agita el fantasma de que no es viable en su funcionamiento y aprieta a los trabajadores para que abandonen sus puestos\u201d, explic\u00f3 en alusi\u00f3n a los tiempos que la ceralera atraviesa, los que a decir de los empresarios son malos, pero que el gremio no lo entiende como tales.<\/p>\n<p>\u201cNo vamos a permitir despidos\u201d, ratific\u00f3 el sindicalista, quien anticip\u00f3 que concurrir\u00e1n al Ministerio de Trabajo para dejar asentada una denuncia. No solo por las \u201ccesant\u00edas\u201d indicadas, sino tambi\u00e9n por la \u201cfalta de seguridad e higiene laboral\u201d que se produce en la planta en virtud a que se sostiene el mismo sistema de producci\u00f3n, pero con menos personal. Para los gremialistas, esto es motivo suficiente para que en cualquier momento se produzca un siniestro laboral.<\/p>\n<p>El a\u00f1o pasado, esta misma agroexportadora hab\u00eda mantenido serias diferencias con la asociaci\u00f3n obrera, al extremo que se convoc\u00f3 a un paro con manifestaciones en los portones de acceso.<\/p>\n<h6>Fuente: Sin Mordaza<\/h6>\n","protected":false},"excerpt":{"rendered":"<p>El Sindicato de Obreros y Empelados Aceiteros (SOEA) del departamento San Lorenzo denunci\u00f3 a la agroexportadora Bunge por promover \u201ccesant\u00edas\u201d en su planta radicada en Puerto San Mart\u00edn.<\/p>\n","protected":false},"author":2,"featured_media":88934,"comment_status":"closed","ping_status":"closed","sticky":false,"template":"","format":"standard","meta":{"footnotes":""},"categories":[2],"tags":[10],"class_list":["post-88933","post","type-post","status-publish","format-standard","has-post-thumbnail","hentry","category-informe-municipal","tag-santa-fe"],"_links":{"self":[{"href":"http:\/\/argentinamunicipal.com.ar\/argentina\/wp-json\/wp\/v2\/posts\/88933","targetHints":{"allow":["GET"]}}],"collection":[{"href":"http:\/\/argentinamunicipal.com.ar\/argentina\/wp-json\/wp\/v2\/posts"}],"about":[{"href":"http:\/\/argentinamunicipal.com.ar\/argentina\/wp-json\/wp\/v2\/types\/post"}],"author":[{"embeddable":true,"href":"http:\/\/argentinamunicipal.com.ar\/argentina\/wp-json\/wp\/v2\/users\/2"}],"replies":[{"embeddable":true,"href":"http:\/\/argentinamunicipal.com.ar\/argentina\/wp-json\/wp\/v2\/comments?post=88933"}],"version-history":[{"count":0,"href":"http:\/\/argentinamunicipal.com.ar\/argentina\/wp-json\/wp\/v2\/posts\/88933\/revisions"}],"wp:featuredmedia":[{"embeddable":true,"href":"http:\/\/argentinamunicipal.com.ar\/argentina\/wp-json\/wp\/v2\/media\/88934"}],"wp:attachment":[{"href":"http:\/\/argentinamunicipal.com.ar\/argentina\/wp-json\/wp\/v2\/media?parent=88933"}],"wp:term":[{"taxonomy":"category","embeddable":true,"href":"http:\/\/argentinamunicipal.com.ar\/argentina\/wp-json\/wp\/v2\/categories?post=88933"},{"taxonomy":"post_tag","embeddable":true,"href":"http:\/\/argentinamunicipal.com.ar\/argentina\/wp-json\/wp\/v2\/tags?post=88933"}],"curies":[{"name":"wp","href":"https:\/\/api.w.org\/{rel}","templated":true}]}}