{"id":88936,"date":"2019-04-09T07:48:27","date_gmt":"2019-04-09T10:48:27","guid":{"rendered":"http:\/\/argentinamunicipal.com.ar\/argentina\/?p=88936"},"modified":"2019-04-09T07:48:27","modified_gmt":"2019-04-09T10:48:27","slug":"tras-un-dia-agitado-levantan-un-paro-en-la-comuna-de-maciel","status":"publish","type":"post","link":"http:\/\/argentinamunicipal.com.ar\/argentina\/tras-un-dia-agitado-levantan-un-paro-en-la-comuna-de-maciel\/","title":{"rendered":"Tras un d\u00eda agitado, levantan un paro en la comuna de Maciel"},"content":{"rendered":"<p>La medida se hab\u00eda originado por una reducci\u00f3n en el cobro de los salarios de los empleados. El acuerdo fue a \u00faltima hora de ayer<\/p>\n<p>A poco de cumplirse un mes de la intervenci\u00f3n en la comuna de Maciel, ayer amaneci\u00f3 con los trabajadores en una nueva medida de fuerza. El reclamo apunt\u00f3 a una reducci\u00f3n en el cobro de los salarios, sobre todo relacionados a los suplementos de maquinaria pesada, riesgo laboral y horas extras. El interventor se mostr\u00f3 abierto al di\u00e1logo pero enfatiz\u00f3 que pretende que \u00ablos trabajadores cobren conforme a la tarea que realizan\u00bb. El paro se levant\u00f3 a \u00faltima hora al retrotraer la medida, pero confirmaron que evaluar\u00e1n caso por caso para el mes pr\u00f3ximo.<\/p>\n<p>Las expectativas de reorganizaci\u00f3n del pueblo son muchas, como el cansancio de la agobiante crisis institucional que lo presidi\u00f3. El viernes los trabajadores de la Asociaci\u00f3n de Trabajadores Municipales (Adetram) recibieron la notificaci\u00f3n de una modificaci\u00f3n en la liquidaci\u00f3n de sus haberes y tras una asamblea decidieron iniciar la semana con un paro por tiempo indeterminado.<\/p>\n<p>Las esquinas linderas a la comuna ten\u00edan efectivos policiales con m\u00f3viles que obstru\u00edan el paso y se\u00f1alaban el punto clave de la manifestaci\u00f3n. Afuera los empleados comunales evaluaban los cambios en los recibos de sueldo. Carlos Ram\u00edrez, el secretario general de Adetram, fue duro con el interventor y le cuestion\u00f3 la decisi\u00f3n en di\u00e1logo con La Capital: \u00abNing\u00fan trabajador tiene un sobresueldo como para que venga un reajuste de tal magnitud, es una verg\u00fcenza\u00bb.<\/p>\n<p>En paralelo, el abogado Mario Drovetta quien administra desde el 12 de marzo la comuna de Maciel se mostr\u00f3 prudente pero con expectativas claras: \u00abComo interventor es una irresponsabilidad que los sueldos se sigan liquidando de forma incorrecta\u00bb, defini\u00f3. Adem\u00e1s indag\u00f3 que no hay documentaci\u00f3n concreta y ordenada en la sede que le permita ver el panorama macro: No hay legajos por empleado, ni ordenanzas que determinen sus categor\u00edas y hay contratos vencidos.<\/p>\n<p>Hace un mes, al asumir, Drovetta pag\u00f3 2.800.000 pesos para destrabar el \u00faltimo conflicto y comenz\u00f3 su gesti\u00f3n. En esta ocasi\u00f3n, con la poca documentaci\u00f3n respaldatoria plante\u00f3 dos premisas: La primera sostenerle el empleo a todos los obreros y, la segunda, diagramar una reuni\u00f3n con los dos gremios que tienen representatividad en la comuna para reorganizar la prestaci\u00f3n de servicios, asignando claridad a las tareas que cada uno de los empleados debe cumplir y redistribuyendo en cuatro sectores la estructura.<\/p>\n<p>El estado de la comuna, seg\u00fan el primer balance, es preocupante. La falta de papeles y el desequilibrio econ\u00f3mico son las claves. En el \u00e1mbito del personal se detect\u00f3 una deuda de m\u00e1s de 800 mil pesos con la ART, prestamos descontados de los recibos de sueldo de los empleados que no llegaron a la mutual de Festram, y que m\u00e1s de la mitad de los empleados no est\u00e1n bancarizados.<\/p>\n<p>En medio de un contexto complejo a \u00faltima hora de ayer, Adetram y la comuna de Maciel acordaron el pago de los haberes como se liquid\u00f3 el mes pasado y el debate en una reuni\u00f3n de cada caso en particular a mitad de esta semana. Con ese compromiso, esta ma\u00f1ana se retomaron todos los servicios con normalidad.<\/p>\n<h6>Fuente: La Capital<\/h6>\n","protected":false},"excerpt":{"rendered":"<p>La medida se hab\u00eda originado por una reducci\u00f3n en el cobro de los salarios de los empleados. El acuerdo fue a \u00faltima hora de ayer<\/p>\n","protected":false},"author":2,"featured_media":88937,"comment_status":"closed","ping_status":"closed","sticky":false,"template":"","format":"standard","meta":{"footnotes":""},"categories":[7],"tags":[10],"class_list":["post-88936","post","type-post","status-publish","format-standard","has-post-thumbnail","hentry","category-informe-sindical","tag-santa-fe"],"_links":{"self":[{"href":"http:\/\/argentinamunicipal.com.ar\/argentina\/wp-json\/wp\/v2\/posts\/88936","targetHints":{"allow":["GET"]}}],"collection":[{"href":"http:\/\/argentinamunicipal.com.ar\/argentina\/wp-json\/wp\/v2\/posts"}],"about":[{"href":"http:\/\/argentinamunicipal.com.ar\/argentina\/wp-json\/wp\/v2\/types\/post"}],"author":[{"embeddable":true,"href":"http:\/\/argentinamunicipal.com.ar\/argentina\/wp-json\/wp\/v2\/users\/2"}],"replies":[{"embeddable":true,"href":"http:\/\/argentinamunicipal.com.ar\/argentina\/wp-json\/wp\/v2\/comments?post=88936"}],"version-history":[{"count":0,"href":"http:\/\/argentinamunicipal.com.ar\/argentina\/wp-json\/wp\/v2\/posts\/88936\/revisions"}],"wp:featuredmedia":[{"embeddable":true,"href":"http:\/\/argentinamunicipal.com.ar\/argentina\/wp-json\/wp\/v2\/media\/88937"}],"wp:attachment":[{"href":"http:\/\/argentinamunicipal.com.ar\/argentina\/wp-json\/wp\/v2\/media?parent=88936"}],"wp:term":[{"taxonomy":"category","embeddable":true,"href":"http:\/\/argentinamunicipal.com.ar\/argentina\/wp-json\/wp\/v2\/categories?post=88936"},{"taxonomy":"post_tag","embeddable":true,"href":"http:\/\/argentinamunicipal.com.ar\/argentina\/wp-json\/wp\/v2\/tags?post=88936"}],"curies":[{"name":"wp","href":"https:\/\/api.w.org\/{rel}","templated":true}]}}