{"id":89063,"date":"2019-04-11T05:30:19","date_gmt":"2019-04-11T08:30:19","guid":{"rendered":"http:\/\/argentinamunicipal.com.ar\/argentina\/?p=89063"},"modified":"2019-04-11T07:34:57","modified_gmt":"2019-04-11T10:34:57","slug":"quedaron-fuera-del-conicet-84-cientificos-santafesinos","status":"publish","type":"post","link":"http:\/\/argentinamunicipal.com.ar\/argentina\/quedaron-fuera-del-conicet-84-cientificos-santafesinos\/","title":{"rendered":"Quedaron fuera del Conicet 84 cient\u00edficos santafesinos"},"content":{"rendered":"<p>Esta ma\u00f1ana se manifestaron en contra de los recortes en el marco del d\u00eda del trabajador de la Ciencia y la Tecnolog\u00eda. Advierten que cobran salarios por debajo de la l\u00ednea de pobreza.<\/p>\n<p>Este mi\u00e9rcoles, en el marco del d\u00eda del trabajador de la Ciencia y la Tecnolog\u00eda, investigadores santafesinos marcharon en reclamo al bajo presupuesto nacional para las \u00e1reas del conocimiento. La concentraci\u00f3n durante la ma\u00f1ana en Bulevar y G\u00fcemes con una radio abierta y una volanteada.<\/p>\n<p>Denunciaron que fueron 84 los investigadores que quedaron fuera de Conicet en la ciudad de Santa Fe de los 118 que se postularon. En relaci\u00f3n a las \u00e1reas de conocimiento que se vieron m\u00e1s afectadas, observaron que las ciencias sociales fueron las que menos recibieron. La movilizaci\u00f3n de hoy se dio a partir de que en la \u00faltima convocatoria de ingreso al instituto cient\u00edfico entr\u00f3 solo el 17 por ciento de los aspirantes a nivel nacional y muchos de los afectados tienen, como \u00fanica alternativa, irse del pa\u00eds.\u00a0Advierten una nueva \u00abfuga de cerebros\u00bb.<\/p>\n<p>Desde ATE del Consejo Nacional de Investigaciones Cient\u00edficas y T\u00e9cnicas (Conicet) Santa Fe, argumentaron que el presupuesto nominal \u00abaument\u00f3 apenas un 21,7% en 2019, lo que no solo se encuentra muy por debajo de la pauta inflacionaria prevista para este a\u00f1o, sino que no permite recuperar lo perdido el a\u00f1o anterior. Es decir que se reduce el presupuesto para infraestructura (funcionamiento de institutos y unidades ejecutoras) y para otros rubros que hacen a la producci\u00f3n estatal de ciencia y tecnolog\u00eda (becas externas, programas de cooperaci\u00f3n internacional, proyectos de investigaci\u00f3n, eventos cient\u00edficos) y se llega a poner en cuesti\u00f3n el incremento salarial de los becarios, que no se encuentra vinculado legalmente a las negociaciones paritarias\u00bb.<\/p>\n<p>Al mismo tiempo advierten que los recortes \u00abpugnan por un Conicet peque\u00f1o y funcional a las grandes empresas y por lo tanto dependiente de la venta de servicios a terceros. Esto se plantea como la v\u00eda para una vinculaci\u00f3n mucho m\u00e1s directa con las \u201cnecesidades del sistema productivo\u201d, que son las necesidades de los sectores empresarios, que integran el directorio. Estas pol\u00edticas subyacen a la reciente decisi\u00f3n del organismo de fragmentar los ingresos en tres categor\u00edas: Temas Libres, Temas Estrat\u00e9gicos y Universidades. Esta \u00faltima plantea una convocatoria seg\u00fan perfiles elaborados por las universidades en funci\u00f3n de sus v\u00ednculos con el \u201centorno productivo\u201d que atenta contra la l\u00f3gica de los concursos. El contexto de ajuste refuerza la expulsi\u00f3n de cient\u00edficos del sistema de ciencia y tecnolog\u00eda, verdaderos \u00abdespidos encubiertos\u00bb como los que motivaron la ocupaci\u00f3n del Mincyt en 2016&#8243;.<\/p>\n<p>Asimismo apuntaron que la reducci\u00f3n de cargos de la carrera de investigador cient\u00edfico \u00abimplica que son entre quinientos y mil compa\u00f1eros los que quedan expulsados en cada convocatoria, cuello de botella que este a\u00f1o alcanz\u00f3 tambi\u00e9n a las becas posdoctorales: hubo solo mil becas posdoc cuando las becas doctorales que finalizaban llegaban a mil quinientas, un problema que se agravar\u00e1 en los pr\u00f3ximos a\u00f1os si no se eleva el cupo de becas posdoctorales. Este recorte pone en riesgo l\u00edneas de trabajo y desmembra equipos de investigaci\u00f3n\u00bb.<\/p>\n<p>\u00abComo resultado del ajuste, los becarios doctorales y gran parte del personal administrativo (Sinep en sus modalidades de planta permanente y de Art. 9) cobran salarios por debajo de la l\u00ednea de pobreza establecida por el Indec. Mientras que los salarios m\u00e1s altos enfrentan alt\u00edsimas retenciones por el impuesto a las ganancias, que profundiza el impacto de la inflaci\u00f3n y la devaluaci\u00f3n sobre los ingresos efectivos\u00bb, lamentaron los cient\u00edficos.<\/p>\n<p>Por \u00faltimo, desde ATE Conicet denunciaron \u00abel deterioro de la situaci\u00f3n salarial y de condiciones de trabajo del conjunto del sistema cient\u00edfico y exigen al gobierno y a las autoridades pol\u00edticas de la Secyt y el Conicet que se dispongan los fondos que garanticen el funcionamiento de los institutos y las unidades ejecutoras as\u00ed como las condiciones necesarias para el desarrollo del conjunto de tareas que supone producci\u00f3n en ciencia y tecnolog\u00eda\u00bb.<\/p>\n<h6>Fuente: Uno<\/h6>\n","protected":false},"excerpt":{"rendered":"<p>Esta ma\u00f1ana se manifestaron en contra de los recortes en el marco del d\u00eda del trabajador de la Ciencia y la Tecnolog\u00eda. Advierten que cobran salarios por debajo de la l\u00ednea de pobreza.<\/p>\n","protected":false},"author":2,"featured_media":89064,"comment_status":"closed","ping_status":"closed","sticky":false,"template":"","format":"standard","meta":{"footnotes":""},"categories":[2],"tags":[10],"class_list":["post-89063","post","type-post","status-publish","format-standard","has-post-thumbnail","hentry","category-informe-municipal","tag-santa-fe"],"_links":{"self":[{"href":"http:\/\/argentinamunicipal.com.ar\/argentina\/wp-json\/wp\/v2\/posts\/89063","targetHints":{"allow":["GET"]}}],"collection":[{"href":"http:\/\/argentinamunicipal.com.ar\/argentina\/wp-json\/wp\/v2\/posts"}],"about":[{"href":"http:\/\/argentinamunicipal.com.ar\/argentina\/wp-json\/wp\/v2\/types\/post"}],"author":[{"embeddable":true,"href":"http:\/\/argentinamunicipal.com.ar\/argentina\/wp-json\/wp\/v2\/users\/2"}],"replies":[{"embeddable":true,"href":"http:\/\/argentinamunicipal.com.ar\/argentina\/wp-json\/wp\/v2\/comments?post=89063"}],"version-history":[{"count":0,"href":"http:\/\/argentinamunicipal.com.ar\/argentina\/wp-json\/wp\/v2\/posts\/89063\/revisions"}],"wp:featuredmedia":[{"embeddable":true,"href":"http:\/\/argentinamunicipal.com.ar\/argentina\/wp-json\/wp\/v2\/media\/89064"}],"wp:attachment":[{"href":"http:\/\/argentinamunicipal.com.ar\/argentina\/wp-json\/wp\/v2\/media?parent=89063"}],"wp:term":[{"taxonomy":"category","embeddable":true,"href":"http:\/\/argentinamunicipal.com.ar\/argentina\/wp-json\/wp\/v2\/categories?post=89063"},{"taxonomy":"post_tag","embeddable":true,"href":"http:\/\/argentinamunicipal.com.ar\/argentina\/wp-json\/wp\/v2\/tags?post=89063"}],"curies":[{"name":"wp","href":"https:\/\/api.w.org\/{rel}","templated":true}]}}