{"id":89106,"date":"2019-04-12T06:56:39","date_gmt":"2019-04-12T09:56:39","guid":{"rendered":"http:\/\/argentinamunicipal.com.ar\/argentina\/?p=89106"},"modified":"2019-04-12T06:56:39","modified_gmt":"2019-04-12T09:56:39","slug":"kiosqueros-y-almaceneros-santafesinos-preocupados-por-la-situacion","status":"publish","type":"post","link":"http:\/\/argentinamunicipal.com.ar\/argentina\/kiosqueros-y-almaceneros-santafesinos-preocupados-por-la-situacion\/","title":{"rendered":"Kiosqueros y almaceneros santafesinos preocupados por la situaci\u00f3n"},"content":{"rendered":"<p>Entre los principales reclamos del sector se encuentra el enorme aumento de la tarifa el\u00e9ctrica y de agua. A eso se suma el impacto en la suba de los precios de alquileres teniendo entre un 25 y 40% de aumento interanual. Se\u00f1alan que la ca\u00edda de ventas ronda el 35 % interanual; no acceden a financiamiento para el sector, ni existen cr\u00e9ditos blandos.<\/p>\n<p>\u201cNuestro sector cumple un rol social muy importante siendo generador de lo que se denomina \u201cprimer y \u00faltimo empleo. Hoy ese rol est\u00e1 fuertemente afectado\u201d, nos dice<\/p>\n<p>David Baigorria, quien tiene un kiosco-despensa en el norte de la ciudad y acompa\u00f1a en la lista a Concejales del Frente Social y Popular, encabezada por Pablo Land\u00f3. \u201cQueremos ser parte de las pol\u00edticas p\u00fablicas que tienen que ver con el peque\u00f1o y mediano comercio; por eso queremos ser protagonistas\u201d.<\/p>\n<p>\u201cVenimos recorriendo kioscos y almacenes de la ciudad y en cada di\u00e1logo se evidencia como el sector est\u00e1 fuertemente golpeado por el contexto recesivo, de pol\u00edticas de ajuste y la contracci\u00f3n de la demanda. En el Gran Santa Fe actualmente subsisten unos 4.000 locales, si hablamos de kioscos y despensas\u201d, afirma Pablo Land\u00f3.<\/p>\n<p><strong>Que Paguen m\u00e1s los que m\u00e1s tienen<\/strong><br \/>\nLand\u00f3 remarca que \u201clas grandes cerealeras exportadoras como Cargill pagan de Ingresos Brutos 0,25% y ellos 4% promedio\u201d. \u201cO el DREI que para el peque\u00f1o comercio es el 0,6% de la facturaci\u00f3n pero tiene un \u201cm\u00ednimo no imponible\u201d de $200 y si se manipula alimentos se suma un 10% m\u00e1s de su facturaci\u00f3n\u201d, agrega Baigorria. \u201c\u00a1Pagamos importes similares a los que abona el casino, como si fu\u00e9ramos multimillonarios!\u201c.<\/p>\n<p>Desde el Frente Social y Popular (que llevar\u00e1 a su referente provincial Carlos Del Frade a la cabeza de la lista de diputados) deslizan algunas herramientas que podr\u00edan implementarse para afrontar la dif\u00edcil situaci\u00f3n.\u00a0\u201cNecesitamos recuperar un ente financiero estatal municipal, un Banco de la ciudad que otorgue cr\u00e9ditos a tasas fijas para estimular la actividad. Permitiendo realizar reformas y mejoras, apostando al crecimiento y desarrollo de tan importante sector para nuestra ciudad\u201d,\u00a0aseguran.<\/p>\n<p><strong>\u201cPrecios justos\u201d<\/strong><br \/>\nPor \u00faltimo, se\u00f1ala Land\u00f3,\u00a0\u201cnos comprometimos a sumarnos a la propuesta que impulsan desde el sector para establecer acuerdos con empresas, cooperativas, productores de la econom\u00eda social y popular para fijar \u201cprecios justos\u201d\u00a0de productos de consumo popular. Agrega Baigorria,\u201dcreemos que el Municipio debe involucrarse en la promoci\u00f3n y difusi\u00f3n y el acompa\u00f1amiento de esta iniciativa\u201d.<\/p>\n<h6>Fuente: Sin Mordaza<\/h6>\n","protected":false},"excerpt":{"rendered":"<p>Entre los principales reclamos del sector se encuentra el enorme aumento de la tarifa el\u00e9ctrica y de agua. A eso se suma el impacto en la suba de los precios de alquileres teniendo entre un 25 y 40% de aumento interanual.<\/p>\n","protected":false},"author":2,"featured_media":89107,"comment_status":"closed","ping_status":"closed","sticky":false,"template":"","format":"standard","meta":{"footnotes":""},"categories":[5],"tags":[10],"class_list":["post-89106","post","type-post","status-publish","format-standard","has-post-thumbnail","hentry","category-informe-economico","tag-santa-fe"],"_links":{"self":[{"href":"http:\/\/argentinamunicipal.com.ar\/argentina\/wp-json\/wp\/v2\/posts\/89106","targetHints":{"allow":["GET"]}}],"collection":[{"href":"http:\/\/argentinamunicipal.com.ar\/argentina\/wp-json\/wp\/v2\/posts"}],"about":[{"href":"http:\/\/argentinamunicipal.com.ar\/argentina\/wp-json\/wp\/v2\/types\/post"}],"author":[{"embeddable":true,"href":"http:\/\/argentinamunicipal.com.ar\/argentina\/wp-json\/wp\/v2\/users\/2"}],"replies":[{"embeddable":true,"href":"http:\/\/argentinamunicipal.com.ar\/argentina\/wp-json\/wp\/v2\/comments?post=89106"}],"version-history":[{"count":0,"href":"http:\/\/argentinamunicipal.com.ar\/argentina\/wp-json\/wp\/v2\/posts\/89106\/revisions"}],"wp:featuredmedia":[{"embeddable":true,"href":"http:\/\/argentinamunicipal.com.ar\/argentina\/wp-json\/wp\/v2\/media\/89107"}],"wp:attachment":[{"href":"http:\/\/argentinamunicipal.com.ar\/argentina\/wp-json\/wp\/v2\/media?parent=89106"}],"wp:term":[{"taxonomy":"category","embeddable":true,"href":"http:\/\/argentinamunicipal.com.ar\/argentina\/wp-json\/wp\/v2\/categories?post=89106"},{"taxonomy":"post_tag","embeddable":true,"href":"http:\/\/argentinamunicipal.com.ar\/argentina\/wp-json\/wp\/v2\/tags?post=89106"}],"curies":[{"name":"wp","href":"https:\/\/api.w.org\/{rel}","templated":true}]}}