{"id":89155,"date":"2019-04-16T06:30:06","date_gmt":"2019-04-16T09:30:06","guid":{"rendered":"http:\/\/argentinamunicipal.com.ar\/argentina\/?p=89155"},"modified":"2019-04-16T06:30:06","modified_gmt":"2019-04-16T09:30:06","slug":"para-festram-la-inconstitucionalidad-del-drei-seria-una-catastrofe-para-los-municipios-santafesinos","status":"publish","type":"post","link":"http:\/\/argentinamunicipal.com.ar\/argentina\/para-festram-la-inconstitucionalidad-del-drei-seria-una-catastrofe-para-los-municipios-santafesinos\/","title":{"rendered":"Para FESTRAM la inconstitucionalidad del DREI ser\u00eda una cat\u00e1strofe para los Municipios santafesinos"},"content":{"rendered":"<p>LAS MUNICIPALIDADES Y COMUNAS PERDER\u00cdAN M\u00c1S DEL 40% DE SU RECAUDACI\u00d3N PROPIA.<\/p>\n<p>Desde mediados del a\u00f1o pasado la Federaci\u00f3n de Sindicatos de Trabajadores Municipales viene exigiendo un Acuerdo institucional en la Provincia de Santa Fe, que repare el da\u00f1o producido por el Pacto Fiscal que firmaron Lifschitz y Macri, con la aprobaci\u00f3n del Senador Omar Perotti, la reiterada ausencia de Carlos Reutemann de la C\u00e1mara Alta y lamentablemente avalado por la Legislatura Santafesina.<\/p>\n<p>Antes de su tratamiento el gremio hab\u00eda advertido sobre los nefastos perjuicios ocasionados a la Provincia de Santa Fe con ese compromiso fiscal y reclam\u00f3 un acuerdo provincial para evitar tan desproporcionado sometimiento de la autonom\u00eda provincial, de su propia econom\u00eda y la de sus Municipios y Comunas. El Consenso Fiscal facilit\u00f3 la aplicaci\u00f3n del ajuste exigido por el Fondo Monetario Internacional.<\/p>\n<p>El arrebato de la Naci\u00f3n a nuestra Provincia del Fondo Sojero (FGS) pas\u00f3 sin pena ni gloria, en lo que consideramos una muestra del da\u00f1o ocasionado, particularmente a Municipios y Comunas, haci\u00e9ndole perder la ventaja comparativa de la mayor coparticipaci\u00f3n obtenida en juicio (13%) al Tesoro nacional.<\/p>\n<p>Ahora queda en evidencia que las grandes empresas est\u00e1n tras la eliminaci\u00f3n del Derecho de Registro e Inspecci\u00f3n, agregado en el punto 3, inciso P del Pacto Fiscal.<\/p>\n<p>El esc\u00e1ndalo que involucra a Carlos Rosenkrantz, Presidente de la Corte Suprema de Justicia, por representar a empresas interesadas en la eliminaci\u00f3n de ese derecho (como se denuncia en el sitio El Cohete a la Luna), deja al descubierto un dictamen de inconstitucionalidad del conocido DREI (Axion contra Municipalidad de Quilmes) y la inacci\u00f3n pol\u00edtica e institucional frente a este acontecimiento podr\u00eda acelerar el quiebre financiero de nuestras Municipalidades, cuyos mayores costos Sociales lo pagar\u00e1n los trabajadores y los sectores m\u00e1s vulnerables de nuestros pueblos y ciudades.<\/p>\n<p>El titular de FESTRAM, Claudio Leoni se expres\u00f3 diciendo:\u00a0\u201dle pido al Gobernador Lifschitz que atienda esta grave problem\u00e1tica e insto a los Intendentes de Santa Fe a imitar a sus pares bonaerenses, reclamando audiencias y acciones concretas ante la Corte Nacional\u201d.\u00a0Y asegur\u00f3,\u00a0\u201dlas elecciones no pueden entorpecer las responsabilidades de gesti\u00f3n p\u00fablica y es hora de actuar en defensa de los intereses de los santafesinos\u201d.<\/p>\n<p>Desde FESTRAM estiman que de aplicarse el Pacto Fiscal o se declare inconstitucional el Derecho de Registro e Inspecci\u00f3n, los Municipios y las Comunas sufrir\u00e1n p\u00e9rdidas por m\u00e1s de 6 mil millones de pesos anuales a valores corrientes de 2018. Para el gremio provincial ser\u00eda la quiebra del financiamiento de los Gobiernos Locales.<\/p>\n<h6>PRENSA FESTRAM<\/h6>\n","protected":false},"excerpt":{"rendered":"<p>LAS MUNICIPALIDADES Y COMUNAS PERDER\u00cdAN M\u00c1S DEL 40% DE SU RECAUDACI\u00d3N PROPIA.<\/p>\n","protected":false},"author":2,"featured_media":89156,"comment_status":"closed","ping_status":"closed","sticky":false,"template":"","format":"standard","meta":{"footnotes":""},"categories":[7],"tags":[10],"class_list":["post-89155","post","type-post","status-publish","format-standard","has-post-thumbnail","hentry","category-informe-sindical","tag-santa-fe"],"_links":{"self":[{"href":"http:\/\/argentinamunicipal.com.ar\/argentina\/wp-json\/wp\/v2\/posts\/89155","targetHints":{"allow":["GET"]}}],"collection":[{"href":"http:\/\/argentinamunicipal.com.ar\/argentina\/wp-json\/wp\/v2\/posts"}],"about":[{"href":"http:\/\/argentinamunicipal.com.ar\/argentina\/wp-json\/wp\/v2\/types\/post"}],"author":[{"embeddable":true,"href":"http:\/\/argentinamunicipal.com.ar\/argentina\/wp-json\/wp\/v2\/users\/2"}],"replies":[{"embeddable":true,"href":"http:\/\/argentinamunicipal.com.ar\/argentina\/wp-json\/wp\/v2\/comments?post=89155"}],"version-history":[{"count":0,"href":"http:\/\/argentinamunicipal.com.ar\/argentina\/wp-json\/wp\/v2\/posts\/89155\/revisions"}],"wp:featuredmedia":[{"embeddable":true,"href":"http:\/\/argentinamunicipal.com.ar\/argentina\/wp-json\/wp\/v2\/media\/89156"}],"wp:attachment":[{"href":"http:\/\/argentinamunicipal.com.ar\/argentina\/wp-json\/wp\/v2\/media?parent=89155"}],"wp:term":[{"taxonomy":"category","embeddable":true,"href":"http:\/\/argentinamunicipal.com.ar\/argentina\/wp-json\/wp\/v2\/categories?post=89155"},{"taxonomy":"post_tag","embeddable":true,"href":"http:\/\/argentinamunicipal.com.ar\/argentina\/wp-json\/wp\/v2\/tags?post=89155"}],"curies":[{"name":"wp","href":"https:\/\/api.w.org\/{rel}","templated":true}]}}