{"id":89161,"date":"2019-04-16T06:36:31","date_gmt":"2019-04-16T09:36:31","guid":{"rendered":"http:\/\/argentinamunicipal.com.ar\/argentina\/?p=89161"},"modified":"2019-04-16T06:36:31","modified_gmt":"2019-04-16T09:36:31","slug":"santa-fe-maria-eugenia-bielsa-el-consenso-es-sin-exclusiones","status":"publish","type":"post","link":"http:\/\/argentinamunicipal.com.ar\/argentina\/santa-fe-maria-eugenia-bielsa-el-consenso-es-sin-exclusiones\/","title":{"rendered":"Santa Fe, Maria Eugenia Bielsa: \u201cEl consenso es sin exclusiones\u201d"},"content":{"rendered":"<p>La precandidata calific\u00f3 la gesti\u00f3n socialista como \u201cantiperonismo\u201d y critic\u00f3 a quienes quieren dejar afuera de la unidad a Cristina Kirchner.<\/p>\n<p>Para la precandidata a gobernadora por el peronismo santafesino, Mar\u00eda Eugenia Bielsa, es \u201cimprescindible\u201d la unidad del peronismo a nivel nacional \u201cpero sin exclusiones\u201d y cuestion\u00f3 a \u201cquienes hablan de unidad excluyendo a la Cristina Fern\u00e1ndez de Kirchner\u201d. \u201cLo que hay hoy en Santa Fe no es socialismo, es antiperonismo\u201d, agreg\u00f3 en referencia al oficialismo provincial y cuestion\u00f3 duramente al gobernador Miguel Lifschitz \u201cpor estar m\u00e1s preocupado por la interna nuestra y elegir contrincante que por los muertos de todos los d\u00edas en la provincia\u201d. Bielsa tambi\u00e9n se diferenci\u00f3 de su adversario en al interna del PJ, Omar Perotti, a quien cuestion\u00f3 su apoyo en el Senado a las leyes impulsadas por Mauricio Macri.<\/p>\n<p>\u201cEs indispensable que trabajemos todos por la unidad. Que sea una unidad verdadera, no con exclusi\u00f3n. Cuando algunos hablan de la unidad excluyendo a la ex Presidenta, me parece que hay un gran error en varios sentidos. Primero, fue nuestra \u00faltima presidenta, en lo personal puedo decir que comparto el 80 por ciento de las pol\u00edticas p\u00fablicas que se llevaron adelante en ese periodo, y porque los n\u00fameros en la pol\u00edtica tambi\u00e9n definen y es la que mayor intenci\u00f3n de votos tiene. Lo importante es construir una unidad con consenso y aceptando la legitimidad que todos tienen\u201d, sostuvo Bielsa sobre la unidad del peronismo a nivel nacional en una entrevista concedida al programa \u201cUna nueva aventura\u201d de la AM750.<\/p>\n<p>Pero Bielsa carg\u00f3 contra la pol\u00edtica del oficialista Frente Progresista santafesino. \u201cEsto no es socialismo es antiperonismo. Ni est\u00e1 vinculado a lo m\u00e1s d\u00e9bil, a lo m\u00e1s vulnerable. A veces hablan con (Sergio) Massa, a veces con (Roberto) Lavagna en busca de lo que llaman tercer o cuarto camino\u201d, sostuvo sobre experiencia socialista santafesina, que calific\u00f3 como \u201cconservadora\u201d y de la que solo rescat\u00f3 la primera experiencia al frente de la intendencia de Rosario de H\u00e9ctor Cavallero, ahora encolumnado con la precandidatura de la ex vicegobernadora de Jorge Obeid.<\/p>\n<p>\u201cPor acci\u00f3n u omisi\u00f3n son c\u00f3mplices de una situaci\u00f3n muy grave en Santa Fe que tiene que ver con seguridad y penetraci\u00f3n del narcotr\u00e1fico\u201d, sostuvo Bielsa y agreg\u00f3: \u201cno quiero estigmatizar a Rosario expresiones m\u00e1s duras. Pero todo empez\u00f3 alrededor de 2010 con advertencias del gobierno nacional. Si hubieran escuchado la situaci\u00f3n hoy ser\u00eda distinta\u201d.<\/p>\n<p>Tambi\u00e9n carg\u00f3 contra las declaraciones de Lifschitz cuando dijo que \u201ccreo que claramente hay dos candidatos con chances de ganar la provincia de Santa Fe, uno el candidato del Frente Progresista, o sea el de ellos, (Antonio) Bonfatti, y el otro el candidato del Partido Justicialista, o sea Omar Perotti\u201d. \u201cNos preocupa que se meta de lleno en la interna del PJ, que como son abiertas y obligatorias cualquier ciudadano puede opinar all\u00ed. Y que \u00e9l elija con quien debe competir Bonfatti\u201d, agreg\u00f3.<\/p>\n<p>\u201cPone un manto de sospecha sobre la connivencia que puede haber entre el PS y el representante del PJ, Perotti. Si yo fuera Perotti hubiera salido a aclarar que a los peronistas no nos gusta que diga el gobernador del PS qui\u00e9n va a ser su contrincante luego de las PASO\u201d, sentenci\u00f3 la precandidata y sostuvo que en su lista \u201cest\u00e1n los que no sienten representados por el acuerdo de c\u00fapulas entre el kirchnerismo y el espacio de Perotti\u201d, aunque dijo que \u201cno \u00a0puedo dar cuenta si fue una decisi\u00f3n de Cristina o de dirigentes de mi provincia que hist\u00f3ricamente han pensado que para el peronismo es mejor perder que ganar y que tienen acuerdos con el PS\u201d.<\/p>\n<p>De todas maneras, Bielsa insisti\u00f3 en que \u201ca Cristina hay que protegerla de estas cosas. Porque inmediatamente se gana o se pierde una provincia y todos los ojos est\u00e1n puestos sobre Cristina y sobre Macri\u201d y que la ex presidente \u201ctiene un mont\u00f3n de cosas que ocuparse, especialmente de la mirada nacional\u201d.<\/p>\n<h6>Fuente: P\u00e1gina 12<\/h6>\n","protected":false},"excerpt":{"rendered":"<p>La precandidata calific\u00f3 la gesti\u00f3n socialista como \u201cantiperonismo\u201d y critic\u00f3 a quienes quieren dejar afuera de la unidad a Cristina Kirchner.<\/p>\n","protected":false},"author":2,"featured_media":89162,"comment_status":"closed","ping_status":"closed","sticky":false,"template":"","format":"standard","meta":{"footnotes":""},"categories":[4],"tags":[10],"class_list":["post-89161","post","type-post","status-publish","format-standard","has-post-thumbnail","hentry","category-informe-politico","tag-santa-fe"],"_links":{"self":[{"href":"http:\/\/argentinamunicipal.com.ar\/argentina\/wp-json\/wp\/v2\/posts\/89161","targetHints":{"allow":["GET"]}}],"collection":[{"href":"http:\/\/argentinamunicipal.com.ar\/argentina\/wp-json\/wp\/v2\/posts"}],"about":[{"href":"http:\/\/argentinamunicipal.com.ar\/argentina\/wp-json\/wp\/v2\/types\/post"}],"author":[{"embeddable":true,"href":"http:\/\/argentinamunicipal.com.ar\/argentina\/wp-json\/wp\/v2\/users\/2"}],"replies":[{"embeddable":true,"href":"http:\/\/argentinamunicipal.com.ar\/argentina\/wp-json\/wp\/v2\/comments?post=89161"}],"version-history":[{"count":0,"href":"http:\/\/argentinamunicipal.com.ar\/argentina\/wp-json\/wp\/v2\/posts\/89161\/revisions"}],"wp:featuredmedia":[{"embeddable":true,"href":"http:\/\/argentinamunicipal.com.ar\/argentina\/wp-json\/wp\/v2\/media\/89162"}],"wp:attachment":[{"href":"http:\/\/argentinamunicipal.com.ar\/argentina\/wp-json\/wp\/v2\/media?parent=89161"}],"wp:term":[{"taxonomy":"category","embeddable":true,"href":"http:\/\/argentinamunicipal.com.ar\/argentina\/wp-json\/wp\/v2\/categories?post=89161"},{"taxonomy":"post_tag","embeddable":true,"href":"http:\/\/argentinamunicipal.com.ar\/argentina\/wp-json\/wp\/v2\/tags?post=89161"}],"curies":[{"name":"wp","href":"https:\/\/api.w.org\/{rel}","templated":true}]}}