{"id":89182,"date":"2019-04-16T06:59:29","date_gmt":"2019-04-16T09:59:29","guid":{"rendered":"http:\/\/argentinamunicipal.com.ar\/argentina\/?p=89182"},"modified":"2019-04-16T06:59:29","modified_gmt":"2019-04-16T09:59:29","slug":"brasil-perdido-en-su-laberinto","status":"publish","type":"post","link":"http:\/\/argentinamunicipal.com.ar\/argentina\/brasil-perdido-en-su-laberinto\/","title":{"rendered":"Brasil perdido en su laberinto"},"content":{"rendered":"<p>El mercado y el Fondo Monetario proyectan un d\u00e9bil crecimiento, que vienen revisando sus proyecciones sistem\u00e1ticamente a la baja.<\/p>\n<p>La actividad econ\u00f3mica de Brasil (IBC-Br) se contrajo 0,73 por ciento en febrero respecto al mes previo, seg\u00fan inform\u00f3 ayer el Banco Central de ese pa\u00eds. Es la mayor contracci\u00f3n en nueve meses y la segunda ca\u00edda consecutiva luego del retroceso de 0,31 por ciento registrado en enero, en un informe revisado tras haberse divulgado originalmente una contracci\u00f3n del 0,41 por ciento. El indicador suele ser tomado como un anticipo del resultado que terminar\u00e1 arrojando el Producto Interno Bruto (PIB). Por ahora, tanto el mercado como del FMI siguen proyectando un d\u00e9bil crecimiento que oscila entre 2,1 y 1,95 por ciento, aunque desde comienzos de a\u00f1o vienen revis\u00e1ndose sistem\u00e1ticamente a la baja.<\/p>\n<p>En febrero, la producci\u00f3n industrial de Brasil mostr\u00f3 cierta recuperaci\u00f3n al avanzar el 0,7 por ciento sobre el mes anterior, revirtiendo las p\u00e9rdidas vistas en enero. Sin embargo, las ventas minoristas se mantuvieron estables en el mes, con las compras volcadas al Carnaval compensando p\u00e9rdidas en supermercados y combustibles. A su vez, el volumen de servicios retrocedi\u00f3 0,4 por ciento en febrero, en la segunda ca\u00edda consecutiva. \u201cLos indicadores de actividad econ\u00f3mica conocidos hasta el momento siguen sugiriendo una leve ca\u00edda del 0,1 por ciento del PIB en el primer trimestre de este a\u00f1o\u201d, afirm\u00f3 Bradesco. En relaci\u00f3n a febrero de 2018, el IBC-Br present\u00f3 un alza de 2,49 por ciento, mientras que en el total acumulado en 12 meses, arroj\u00f3 un avance de 1,21 por ciento.<\/p>\n<p>Los analistas hab\u00edan anticipado a comienzos de a\u00f1o, de acuerdo con la encuesta Focus realizada por el Banco Central entre las principales instituciones financieras del pa\u00eds sudamericano, que la principal econom\u00eda de Brasil crecer\u00eda 2,55 por ciento, pero desde entonces han estado revisando a la baja sus pron\u00f3sticos. Ayer volvieron a hacerlo al afirmar que no crecer\u00e1 1,97 sino 1,95 por ciento. \u00a0La reducci\u00f3n en las perspectivas de crecimiento est\u00e1 relacionada con un ritmo de recuperaci\u00f3n m\u00e1s lento que el esperado, as\u00ed como a las dificultades del gobierno del presidente Jair Bolsonaro para que se apruebe en el Congreso la reforma jubilatoria. Los economistas redujeron a su vez de 2,7 a 2,58 por ciento la previsi\u00f3n de crecimiento del PIB para 2020. Respecto a la inflaci\u00f3n, la estimaci\u00f3n de los analistas pas\u00f3 de 3,9 a 4,06 por ciento en 2019 y se mantuvo en 4 por ciento para el a\u00f1o pr\u00f3ximo. Las previsiones est\u00e1n dentro de la meta oficial que es del 4,25 por ciento, con margen de tolerancia de entre el 2,75 por ciento y el 5,75 por ciento.<\/p>\n<p>El Fondo Monetario Internacional advirti\u00f3 el pasado 21 de enero en Davos, al presentar la actualizaci\u00f3n de sus proyecciones, que la econom\u00eda mundial no iba a crecer 3,7 por ciento como hab\u00eda anticipado en octubre de 2018 sino 3,5 por ciento. Tambi\u00e9n revis\u00f3 a la baja la perspectiva de crecimiento de Am\u00e9rica Latina y el Caribe, de 2,2 a 2,0 por ciento, debido a perspectivas de menor crecimiento en M\u00e9xico, por una disminuci\u00f3n de la inversi\u00f3n privada, y una contracci\u00f3n aun m\u00e1s severa de lo previsto en Venezuela. Sin embargo, en ese momento elev\u00f3 la proyecci\u00f3n de Brasil de 2,4 a 2,5 por ciento al asegurar que esperaba que contin\u00fae la recuperaci\u00f3n gradual tras la recesi\u00f3n de 2015-2016. La semana pasada, en cambio, redujo la estimaci\u00f3n de la expansi\u00f3n de la econom\u00eda brasile\u00f1a a 2,1 por ciento \u201cya que las perspectivas se ven afectadas por las rigideces estructurales, la moderaci\u00f3n de los t\u00e9rminos de intercambio y los desequilibrios fiscales\u201d.<\/p>\n<h6>Fuente: P\u00e1gina 12<\/h6>\n","protected":false},"excerpt":{"rendered":"<p>El mercado y el Fondo Monetario proyectan un d\u00e9bil crecimiento, que vienen revisando sus proyecciones sistem\u00e1ticamente a la baja.<\/p>\n","protected":false},"author":2,"featured_media":89183,"comment_status":"closed","ping_status":"closed","sticky":false,"template":"","format":"standard","meta":{"footnotes":""},"categories":[22],"tags":[57],"class_list":["post-89182","post","type-post","status-publish","format-standard","has-post-thumbnail","hentry","category-el-mundo","tag-el-mundo"],"_links":{"self":[{"href":"http:\/\/argentinamunicipal.com.ar\/argentina\/wp-json\/wp\/v2\/posts\/89182","targetHints":{"allow":["GET"]}}],"collection":[{"href":"http:\/\/argentinamunicipal.com.ar\/argentina\/wp-json\/wp\/v2\/posts"}],"about":[{"href":"http:\/\/argentinamunicipal.com.ar\/argentina\/wp-json\/wp\/v2\/types\/post"}],"author":[{"embeddable":true,"href":"http:\/\/argentinamunicipal.com.ar\/argentina\/wp-json\/wp\/v2\/users\/2"}],"replies":[{"embeddable":true,"href":"http:\/\/argentinamunicipal.com.ar\/argentina\/wp-json\/wp\/v2\/comments?post=89182"}],"version-history":[{"count":0,"href":"http:\/\/argentinamunicipal.com.ar\/argentina\/wp-json\/wp\/v2\/posts\/89182\/revisions"}],"wp:featuredmedia":[{"embeddable":true,"href":"http:\/\/argentinamunicipal.com.ar\/argentina\/wp-json\/wp\/v2\/media\/89183"}],"wp:attachment":[{"href":"http:\/\/argentinamunicipal.com.ar\/argentina\/wp-json\/wp\/v2\/media?parent=89182"}],"wp:term":[{"taxonomy":"category","embeddable":true,"href":"http:\/\/argentinamunicipal.com.ar\/argentina\/wp-json\/wp\/v2\/categories?post=89182"},{"taxonomy":"post_tag","embeddable":true,"href":"http:\/\/argentinamunicipal.com.ar\/argentina\/wp-json\/wp\/v2\/tags?post=89182"}],"curies":[{"name":"wp","href":"https:\/\/api.w.org\/{rel}","templated":true}]}}