{"id":89320,"date":"2019-04-22T06:46:39","date_gmt":"2019-04-22T09:46:39","guid":{"rendered":"http:\/\/argentinamunicipal.com.ar\/argentina\/?p=89320"},"modified":"2019-04-22T06:46:39","modified_gmt":"2019-04-22T09:46:39","slug":"rosario-aca-habra-movilizacion","status":"publish","type":"post","link":"http:\/\/argentinamunicipal.com.ar\/argentina\/rosario-aca-habra-movilizacion\/","title":{"rendered":"Rosario: Ac\u00e1 habr\u00e1 movilizaci\u00f3n"},"content":{"rendered":"<p>Como se sabe, el Frente Sindical por un Modelo Nacional que integran los camioneros de Pablo Moyano, los bancarios de Sergio Palazzo, los mec\u00e1nicos de Smata de Ricardo Pignanelli, la Federaci\u00f3n Nacional Aceitera convocaron a un paro general, sin movilizaci\u00f3n, para el 30 de abril, y al que se plegar\u00e1n las dos CTA. Por lo pronto, la CGT nacional se baj\u00f3 del d\u00eda de protesta. En Rosario este Martes 23 de abril las 11 horas en el Sindicato de Trabajadores Municipales (Entre Rios 1242) un amplio abanico de Gremios y Organizaciones Sociales se reunir\u00e1n para organizar la jornada de Lucha en la ciudad que promete movilizaci\u00f3n. Gremios nucleados en el espacio 21 F, otros que responden a la CTA, al frente Sindical y Organizaciones sociales (CCC, Ctep), \u00abotra vez juntos para organizar la jornada de lucha que seguramente ser\u00e1 con movilizaci\u00f3n\u00bb, se\u00f1al\u00f3 Claudia Indiviglia del gremio de Empleados estatales (Norte).<\/p>\n<p>Con respecto a la actitud de CGT, la gremialsita expres\u00f3 que, \u00abladecisi\u00f3n de los gorditos de CGT es impresentable. En vez de No es\u00a0 darle la espalda a los trabajadores, deber\u00edan ponerse al frente de la lucha\u00bb<\/p>\n<p>No habr\u00e1 actividad bancaria en esa jornada: \u00abSeguramente ac\u00e1 ser\u00e1 con movilizaci\u00f3n\u00bb, anticip\u00f3 Analia Ratner, secretaria general del gremio, Con respecto a la actitud de CGT, la dirigente gremial dijo: \u00abLe hemos pedido reuniones a la CGT desde el Frente sindical y no han citado. No est\u00e1n viendo que los trabajadores estamos cada vez peor. Ojal\u00e1 la CGT recapacite y acompa\u00f1e la medida ya que nuestra funci\u00f3n es la defensa de nuestros compa\u00f1eros. No pueden seguir mirando para el costado\u00bb.<\/p>\n<p>Camioneros de Santa Fe adheridos a la Federaci\u00f3n Nacional de Camioneros, se\u00f1alaron que \u00abno habr\u00e1 actividad en nuestro sector en toda la provincia y vamos a movilizar ya sea en Rosario o en capital \u00ab, anticip\u00f3 Juan Chulich, secretario general del gremio santafesino.<\/p>\n<h6>Fuente: P\u00e1gina 12 Rosario<\/h6>\n","protected":false},"excerpt":{"rendered":"<p>En Rosario este Martes 23 de abril las 11 horas en el Sindicato de Trabajadores Municipales (Entre Rios 1242) un amplio abanico de Gremios y Organizaciones Sociales se reunir\u00e1n para organizar la jornada de Lucha en la ciudad que promete movilizaci\u00f3n.<\/p>\n","protected":false},"author":2,"featured_media":89321,"comment_status":"closed","ping_status":"closed","sticky":false,"template":"","format":"standard","meta":{"footnotes":""},"categories":[7],"tags":[10],"class_list":["post-89320","post","type-post","status-publish","format-standard","has-post-thumbnail","hentry","category-informe-sindical","tag-santa-fe"],"_links":{"self":[{"href":"http:\/\/argentinamunicipal.com.ar\/argentina\/wp-json\/wp\/v2\/posts\/89320","targetHints":{"allow":["GET"]}}],"collection":[{"href":"http:\/\/argentinamunicipal.com.ar\/argentina\/wp-json\/wp\/v2\/posts"}],"about":[{"href":"http:\/\/argentinamunicipal.com.ar\/argentina\/wp-json\/wp\/v2\/types\/post"}],"author":[{"embeddable":true,"href":"http:\/\/argentinamunicipal.com.ar\/argentina\/wp-json\/wp\/v2\/users\/2"}],"replies":[{"embeddable":true,"href":"http:\/\/argentinamunicipal.com.ar\/argentina\/wp-json\/wp\/v2\/comments?post=89320"}],"version-history":[{"count":0,"href":"http:\/\/argentinamunicipal.com.ar\/argentina\/wp-json\/wp\/v2\/posts\/89320\/revisions"}],"wp:featuredmedia":[{"embeddable":true,"href":"http:\/\/argentinamunicipal.com.ar\/argentina\/wp-json\/wp\/v2\/media\/89321"}],"wp:attachment":[{"href":"http:\/\/argentinamunicipal.com.ar\/argentina\/wp-json\/wp\/v2\/media?parent=89320"}],"wp:term":[{"taxonomy":"category","embeddable":true,"href":"http:\/\/argentinamunicipal.com.ar\/argentina\/wp-json\/wp\/v2\/categories?post=89320"},{"taxonomy":"post_tag","embeddable":true,"href":"http:\/\/argentinamunicipal.com.ar\/argentina\/wp-json\/wp\/v2\/tags?post=89320"}],"curies":[{"name":"wp","href":"https:\/\/api.w.org\/{rel}","templated":true}]}}