{"id":89351,"date":"2019-04-22T07:23:17","date_gmt":"2019-04-22T10:23:17","guid":{"rendered":"http:\/\/argentinamunicipal.com.ar\/argentina\/?p=89351"},"modified":"2019-04-22T07:23:17","modified_gmt":"2019-04-22T10:23:17","slug":"mas-chalecos-amarillos","status":"publish","type":"post","link":"http:\/\/argentinamunicipal.com.ar\/argentina\/mas-chalecos-amarillos\/","title":{"rendered":"M\u00e1s chalecos amarillos"},"content":{"rendered":"<p>Una nueva protesta de los chalecos amarillos se sald\u00f3 ayer con m\u00e1s de 200 detenciones. Tras cinco meses de movilizaci\u00f3n, miles de manifestantes salieron a las calles por 23\u00b0 s\u00e1bado consecutivo: las autoridades contabilizaron que unos 27.900 chalecos amarillos protestaron a lo largo del pa\u00eds, 9000 de los cuales lo hicieron en Par\u00eds. En la jornada de ayer, \u00a0la polic\u00eda carg\u00f3 en varias ocasiones contra los manifestantes con granadas de dispersi\u00f3n y gases lacrim\u00f3genos en un gran bulevar del centro de la capital. Adem\u00e1s de las ya tradicionales reivindicaciones a favor de un alza del poder adquisitivo y m\u00e1s democracia directa, el incendio de Notre Dame tambi\u00e9n se col\u00f3 en las protestas, especialmente por los cientos de millones de euros prometidos para la reconstrucci\u00f3n del templo. \u201cMe gusta mucho Notre Dame, soy cat\u00f3lico, pero el mayor de los patrimonios son la mano y la cabeza que trabajan\u201d, afirm\u00f3 Jean-Marie, un profesor jubilado, quien protestaba en la capital.<\/p>\n<h6>Fuente: P\u00e1gina 12<\/h6>\n","protected":false},"excerpt":{"rendered":"<p>Una nueva protesta de los chalecos amarillos se sald\u00f3 ayer con m\u00e1s de 200 detenciones. <\/p>\n","protected":false},"author":2,"featured_media":89352,"comment_status":"closed","ping_status":"closed","sticky":false,"template":"","format":"standard","meta":{"footnotes":""},"categories":[22],"tags":[57],"class_list":["post-89351","post","type-post","status-publish","format-standard","has-post-thumbnail","hentry","category-el-mundo","tag-el-mundo"],"_links":{"self":[{"href":"http:\/\/argentinamunicipal.com.ar\/argentina\/wp-json\/wp\/v2\/posts\/89351","targetHints":{"allow":["GET"]}}],"collection":[{"href":"http:\/\/argentinamunicipal.com.ar\/argentina\/wp-json\/wp\/v2\/posts"}],"about":[{"href":"http:\/\/argentinamunicipal.com.ar\/argentina\/wp-json\/wp\/v2\/types\/post"}],"author":[{"embeddable":true,"href":"http:\/\/argentinamunicipal.com.ar\/argentina\/wp-json\/wp\/v2\/users\/2"}],"replies":[{"embeddable":true,"href":"http:\/\/argentinamunicipal.com.ar\/argentina\/wp-json\/wp\/v2\/comments?post=89351"}],"version-history":[{"count":0,"href":"http:\/\/argentinamunicipal.com.ar\/argentina\/wp-json\/wp\/v2\/posts\/89351\/revisions"}],"wp:featuredmedia":[{"embeddable":true,"href":"http:\/\/argentinamunicipal.com.ar\/argentina\/wp-json\/wp\/v2\/media\/89352"}],"wp:attachment":[{"href":"http:\/\/argentinamunicipal.com.ar\/argentina\/wp-json\/wp\/v2\/media?parent=89351"}],"wp:term":[{"taxonomy":"category","embeddable":true,"href":"http:\/\/argentinamunicipal.com.ar\/argentina\/wp-json\/wp\/v2\/categories?post=89351"},{"taxonomy":"post_tag","embeddable":true,"href":"http:\/\/argentinamunicipal.com.ar\/argentina\/wp-json\/wp\/v2\/tags?post=89351"}],"curies":[{"name":"wp","href":"https:\/\/api.w.org\/{rel}","templated":true}]}}