{"id":89360,"date":"2019-04-22T07:36:57","date_gmt":"2019-04-22T10:36:57","guid":{"rendered":"http:\/\/argentinamunicipal.com.ar\/argentina\/?p=89360"},"modified":"2019-04-22T07:36:57","modified_gmt":"2019-04-22T10:36:57","slug":"silvina-frana-el-camino-hacia-la-seguridad-es-con-determinacion-politica","status":"publish","type":"post","link":"http:\/\/argentinamunicipal.com.ar\/argentina\/silvina-frana-el-camino-hacia-la-seguridad-es-con-determinacion-politica\/","title":{"rendered":"Silvina Frana: \u00abEl camino hacia la seguridad es con determinaci\u00f3n pol\u00edtica\u00bb"},"content":{"rendered":"<p>La primera precandidata a diputada provincial de Encuentro por Santa Fe, Silvina Frana, asegur\u00f3 que la inseguridad es la principal preocupaci\u00f3n de los santafesinos, junto a la situaci\u00f3n econ\u00f3mica del pa\u00eds.<\/p>\n<p>La primera precandidata a diputada provincial de Encuentro por Santa Fe, Silvina Frana, asegur\u00f3 que la inseguridad es la principal preocupaci\u00f3n de los santafesinos, junto a la situaci\u00f3n econ\u00f3mica del pa\u00eds.<\/p>\n<p>\u00abLa inseguridad es una responsabilidad del gobierno provincial. Es cierto que, en lo inmediato, hay que trabajar con las fuerzas de seguridad para tener una ciudad cuidada, para disuadir el delito. Pero con eso solo no alcanza, porque la convocatoria a las fuerzas federales se hizo y, lamentablemente, la situaci\u00f3n no mejor\u00f3, ni en la percepci\u00f3n ni en las estad\u00edsticas\u00bb dijo la legisladora.<\/p>\n<p>Frana destac\u00f3 que tan importante como trabajar con las fuerzas policiales es hacerlo en la contenci\u00f3n de los m\u00e1s vulnerables y la atenci\u00f3n a los adictos.<\/p>\n<p>\u00abHace falta una ley provincial de adicciones, como la que estamos pidiendo a nivel nacional. El padre Pepe, quien trabaja el tema, habl\u00f3 de la comunidad organizada, de la urgencia que existan las tres C: colegio, club y capilla, que puede ser el templo o de la religi\u00f3n del barrio\u00bb, detall\u00f3.<\/p>\n<p>Para Frana, la lucha contra el narcotr\u00e1fico es un tema del gobierno nacional, pero \u00aben la provincia lo que se debe hacer es un fuerte trabajo de prevenci\u00f3n, acompa\u00f1amiento, tratamiento y contenci\u00f3n\u00bb.<\/p>\n<h6>Fuente: La Capital<\/h6>\n","protected":false},"excerpt":{"rendered":"<p>La primera precandidata a diputada provincial de Encuentro por Santa Fe, Silvina Frana, asegur\u00f3 que la inseguridad es la principal preocupaci\u00f3n de los santafesinos, junto a la situaci\u00f3n econ\u00f3mica del pa\u00eds.<\/p>\n","protected":false},"author":2,"featured_media":89361,"comment_status":"closed","ping_status":"closed","sticky":false,"template":"","format":"standard","meta":{"footnotes":""},"categories":[4],"tags":[10],"class_list":["post-89360","post","type-post","status-publish","format-standard","has-post-thumbnail","hentry","category-informe-politico","tag-santa-fe"],"_links":{"self":[{"href":"http:\/\/argentinamunicipal.com.ar\/argentina\/wp-json\/wp\/v2\/posts\/89360","targetHints":{"allow":["GET"]}}],"collection":[{"href":"http:\/\/argentinamunicipal.com.ar\/argentina\/wp-json\/wp\/v2\/posts"}],"about":[{"href":"http:\/\/argentinamunicipal.com.ar\/argentina\/wp-json\/wp\/v2\/types\/post"}],"author":[{"embeddable":true,"href":"http:\/\/argentinamunicipal.com.ar\/argentina\/wp-json\/wp\/v2\/users\/2"}],"replies":[{"embeddable":true,"href":"http:\/\/argentinamunicipal.com.ar\/argentina\/wp-json\/wp\/v2\/comments?post=89360"}],"version-history":[{"count":0,"href":"http:\/\/argentinamunicipal.com.ar\/argentina\/wp-json\/wp\/v2\/posts\/89360\/revisions"}],"wp:featuredmedia":[{"embeddable":true,"href":"http:\/\/argentinamunicipal.com.ar\/argentina\/wp-json\/wp\/v2\/media\/89361"}],"wp:attachment":[{"href":"http:\/\/argentinamunicipal.com.ar\/argentina\/wp-json\/wp\/v2\/media?parent=89360"}],"wp:term":[{"taxonomy":"category","embeddable":true,"href":"http:\/\/argentinamunicipal.com.ar\/argentina\/wp-json\/wp\/v2\/categories?post=89360"},{"taxonomy":"post_tag","embeddable":true,"href":"http:\/\/argentinamunicipal.com.ar\/argentina\/wp-json\/wp\/v2\/tags?post=89360"}],"curies":[{"name":"wp","href":"https:\/\/api.w.org\/{rel}","templated":true}]}}