{"id":89413,"date":"2019-04-23T06:41:35","date_gmt":"2019-04-23T09:41:35","guid":{"rendered":"http:\/\/argentinamunicipal.com.ar\/argentina\/?p=89413"},"modified":"2019-04-23T06:41:35","modified_gmt":"2019-04-23T09:41:35","slug":"pulseada-en-el-pj-de-santa-fe","status":"publish","type":"post","link":"http:\/\/argentinamunicipal.com.ar\/argentina\/pulseada-en-el-pj-de-santa-fe\/","title":{"rendered":"Pulseada en el PJ de Santa Fe"},"content":{"rendered":"<p>S\u00f3lo el peronismo define su candidato en las PASO. Los dos sectores en disputa plantearon la necesidad de sostener la unidad.<\/p>\n<p>El intenso calendario electoral har\u00e1 su pr\u00f3xima parada en las Primarias Abiertas, Simult\u00e1neas y Obligatorias (PASO) de Santa Fe. El tercer distrito electoral del pa\u00eds pone al peronismo como \u00fanico espacio pol\u00edtico que definir\u00e1 su candidato a gobernador en las PASO: se medir\u00e1n el senador Omar Perotti y la ex vicegobernadora Mar\u00eda Eugenia Bielsa. A pesar de las diferencias entre ambos espacios, la idea de la unidad despu\u00e9s de la elecci\u00f3n parece estar firme. Bielsa declar\u00f3 que el \u201cmayor aporte a la unidad nacional es ganar en Santa Fe\u201d y la compa\u00f1era de f\u00f3rmula de Perotti, Alejandra Rodenas, plante\u00f3 \u201cla unidad para poner realmente en contradicci\u00f3n las pol\u00edticas llevadas adelante por el gobierno de Macri\u201d.<\/p>\n<p>El peronismo santafesino intentar\u00e1 comenzar a desandar el pr\u00f3ximo domingo el camino para retomar la gesti\u00f3n de la provincia cuando el 16 de junio se realicen las elecciones generales. El ex intendente de Rafaela ir\u00e1 acompa\u00f1ado para la vicegobernaci\u00f3n por la ex jueza Rodenas en el frente Juntos-Sumar, mientras que a Bielsa, que ir\u00e1 en el mismo frente pero con la lista Encuentro por Santa Fe, la acompa\u00f1ar\u00e1 el senador provincial Danilo Capitani. Ambos espacios mostraron disposici\u00f3n para llegar a las PASO con una lista \u00fanica que tuviera el consenso de todos los sectores, pero las diferencias entre Bielsa y Perotti por posicionamientos frente a la pol\u00edtica nacional determinaron que la candidatura se resuelva en las urnas.<\/p>\n<p>\u201cMe parece que hay que hacer un enorme esfuerzo patri\u00f3tico porque los argentinos est\u00e1n sufriendo mucho, y los santafesinos, en particular, tambi\u00e9n\u201d, se\u00f1al\u00f3 Bielsa, quien fue vicegobernadora durante la gesti\u00f3n de Jorge Obeid. \u201cNuestro mayor aporte a la unidad nacional es ganar en Santa Fe, eso es lo que nos toca y en eso estamos trabajando\u201d, destac\u00f3 y record\u00f3 que se intent\u00f3 llegar a un acuerdo en la provincia entre los peronistas y el resto de la oposici\u00f3n, pero \u201cpara eso hab\u00eda que ceder en cuestiones ideol\u00f3gicas\u201d y no estuvieron \u201cdispuestos a hacerlo\u201d. Sin embargo, apunt\u00f3: \u201cIgual sentimos la posibilidad y la cercan\u00eda de un triunfo del peronismo en Santa Fe, que incluye adem\u00e1s una cantidad de asociaciones civiles y de sindicatos que no est\u00e1n necesariamente afiliados al partido\u201d.<\/p>\n<p>Desde la otra lista interna dentro del frente Juntos, Rodenas se\u00f1al\u00f3 que hacen una \u201cexhortaci\u00f3n a la unidad, para poner realmente en contradicci\u00f3n las pol\u00edticas llevadas adelante por el gobierno de Macri. Y contribuir a un triunfo en octubre del gobierno nacional y popular\u201d, dijo, en la misma l\u00ednea que Bielsa. Sobre el gobierno de Macri, afirm\u00f3 que \u201clo que se ve es el fracaso rotundo de las pol\u00edticas nacionales. Que se traduce en un padecimiento de la gente de este modelo econ\u00f3mico. La gente la est\u00e1 pasando muy mal, est\u00e1 muy golpeada en la provincia\u201d.<\/p>\n<p>Adem\u00e1s del peronismo, el oficialismo santafesino llevar\u00e1 al ex gobernador socialista Antonio Bonfatti como precandidato de consenso por el Frente Progresista. Los socialistas lograron construir poder y gobernabilidad desde que Hermes Binner gan\u00f3 las elecciones en 2007, luego con los mandatos consecutivos de Bonfatti y el actual de Miguel Lifschitz. Despu\u00e9s de las internas abiertas de domingo, los santafesinos elegir\u00e1n el 16 de junio qui\u00e9n ser\u00e1 el sucesor de Lifschitz, en una elecci\u00f3n que significar\u00e1 la renovaci\u00f3n total de las dos c\u00e1maras legislativas y el recambio de la mayor\u00eda de los intendentes, presidentes comunales y parte de los concejales.<\/p>\n<p>Cambiemos llevar\u00e1 al diputado radical Jos\u00e9 Corral como precandidato. El macrismo necesita hacer pie en las ciudades importantes del interior para que no se lic\u00fae el caudal de votos para las nacionales de octubre.<\/p>\n<h6>Fuente: P\u00e1gina 12<\/h6>\n","protected":false},"excerpt":{"rendered":"<p>S\u00f3lo el peronismo define su candidato en las PASO. Los dos sectores en disputa plantearon la necesidad de sostener la unidad.<\/p>\n","protected":false},"author":2,"featured_media":89414,"comment_status":"closed","ping_status":"closed","sticky":false,"template":"","format":"standard","meta":{"footnotes":""},"categories":[4],"tags":[10],"class_list":["post-89413","post","type-post","status-publish","format-standard","has-post-thumbnail","hentry","category-informe-politico","tag-santa-fe"],"_links":{"self":[{"href":"http:\/\/argentinamunicipal.com.ar\/argentina\/wp-json\/wp\/v2\/posts\/89413","targetHints":{"allow":["GET"]}}],"collection":[{"href":"http:\/\/argentinamunicipal.com.ar\/argentina\/wp-json\/wp\/v2\/posts"}],"about":[{"href":"http:\/\/argentinamunicipal.com.ar\/argentina\/wp-json\/wp\/v2\/types\/post"}],"author":[{"embeddable":true,"href":"http:\/\/argentinamunicipal.com.ar\/argentina\/wp-json\/wp\/v2\/users\/2"}],"replies":[{"embeddable":true,"href":"http:\/\/argentinamunicipal.com.ar\/argentina\/wp-json\/wp\/v2\/comments?post=89413"}],"version-history":[{"count":0,"href":"http:\/\/argentinamunicipal.com.ar\/argentina\/wp-json\/wp\/v2\/posts\/89413\/revisions"}],"wp:featuredmedia":[{"embeddable":true,"href":"http:\/\/argentinamunicipal.com.ar\/argentina\/wp-json\/wp\/v2\/media\/89414"}],"wp:attachment":[{"href":"http:\/\/argentinamunicipal.com.ar\/argentina\/wp-json\/wp\/v2\/media?parent=89413"}],"wp:term":[{"taxonomy":"category","embeddable":true,"href":"http:\/\/argentinamunicipal.com.ar\/argentina\/wp-json\/wp\/v2\/categories?post=89413"},{"taxonomy":"post_tag","embeddable":true,"href":"http:\/\/argentinamunicipal.com.ar\/argentina\/wp-json\/wp\/v2\/tags?post=89413"}],"curies":[{"name":"wp","href":"https:\/\/api.w.org\/{rel}","templated":true}]}}