{"id":896,"date":"2014-02-13T15:20:30","date_gmt":"2014-02-13T18:20:30","guid":{"rendered":"http:\/\/argentinamunicipal.com.ar\/argentina\/?p=896"},"modified":"2014-02-13T15:20:30","modified_gmt":"2014-02-13T18:20:30","slug":"marcos-juarez-abre-el-calendario-electoral","status":"publish","type":"post","link":"http:\/\/argentinamunicipal.com.ar\/argentina\/marcos-juarez-abre-el-calendario-electoral\/","title":{"rendered":"Marcos Ju\u00e1rez abre el calendario electoral"},"content":{"rendered":"<div id=\"attachment_897\" style=\"width: 530px\" class=\"wp-caption alignright\"><a href=\"http:\/\/argentinamunicipal.com.ar\/argentina\/wp-content\/uploads\/2014\/02\/155632_img.jpg\"><img loading=\"lazy\" decoding=\"async\" aria-describedby=\"caption-attachment-897\" class=\"size-full wp-image-897\" alt=\"Marcos Ju\u00e1rez: el 7 de setiembre se votar\u00e1 al sucesor del intendente Eduardo Avalle\" src=\"http:\/\/argentinamunicipal.com.ar\/argentina\/wp-content\/uploads\/2014\/02\/155632_img.jpg\" width=\"520\" height=\"312\" srcset=\"http:\/\/argentinamunicipal.com.ar\/argentina\/wp-content\/uploads\/2014\/02\/155632_img.jpg 520w, http:\/\/argentinamunicipal.com.ar\/argentina\/wp-content\/uploads\/2014\/02\/155632_img-300x179.jpg 300w\" sizes=\"auto, (max-width: 520px) 100vw, 520px\" \/><\/a><p id=\"caption-attachment-897\" class=\"wp-caption-text\">Marcos Ju\u00e1rez: el 7 de setiembre se votar\u00e1 al sucesor del intendente Eduardo Avalle<\/p><\/div>\n<p>La fecha ser\u00e1 anunciada por el jefe comunal en la apertura de sesiones ordinarias del Concejo Deliberante.<\/p>\n<p>El intendente Eduardo Avalle anticip\u00f3 ayer que las elecciones municipales de Marcos Ju\u00e1rez se concretar\u00e1n el pr\u00f3ximo 7 de setiembre, cumpli\u00e9ndose as\u00ed los plazos previstos por la Carta Org\u00e1nica para este tipo de comicios.<\/p>\n<p>De esta forma la ciudad cabecera del departamento Marcos Ju\u00e1rez inicia el camino hacia el recambio de autoridades que se har\u00e1 efectivo el 10 de diciembre.<\/p>\n<p>En este marco cabe acotar que la pr\u00f3xima semana se realizar\u00e1 una sesi\u00f3n extraordinaria del Concejo Deliberante donde deber\u00eda resolverse la reforma del C\u00f3digo Electoral que incluye la realizaci\u00f3n de Elecciones Primarias, Abiertas, Simult\u00e1neas y Obligatorias (PAS0) para cargos municipales.<br \/>\nMarcos Ju\u00e1rez tendr\u00e1 un rol pol\u00edtico protag\u00f3nico este a\u00f1o a nivel provincial puesto que es la \u00fanica elecci\u00f3n prevista en funci\u00f3n de la Carta Org\u00e1nica Municipal.<\/p>\n<p>Si bien el mandatario local comunicar\u00e1 oficialmente la fecha de las elecciones en el discurso de apertura del periodo de sesiones ordinarias, fuentes oficiales altamente confiables aseguraron a LA MA\u00d1ANA que los ciudadanos deber\u00e1n concurrir a las urnas el 7 de setiembre.<\/p>\n<p>Avalle eligi\u00f3 ese domingo para que luego existan 90 d\u00edas de transici\u00f3n, un tiempo m\u00e1s que suficiente para coordinar las tareas entre la administraci\u00f3n saliente y entrante.<\/p>\n<p>En cuanto a las PASO y la reforma del C\u00f3digo Electoral Municipal existen opiniones m\u00e1s que divergentes que postergaron la definici\u00f3n legislativa en dos ocasiones seguidas durante diciembre pasado.<\/p>\n<p>El tema ha generado una profunda divisi\u00f3n en la dirigencia pol\u00edtica de Marcos Ju\u00e1rez. Si se re\u00fanen los votos necesarios, las PASO ser\u00e1n aprobadas y Avalle deber\u00e1 anunciar en marzo la fecha de dicho comicio primario.<\/p>\n<p>La mayor\u00eda de los partidos locales sostienen argumentos positivos para realizar las primarias. Sin embargo en el recinto legislativo la propuesta no tendr\u00eda en principio los votos necesarios para ser aprobada en la pr\u00f3xima sesi\u00f3n extraordinaria.<\/p>\n<p>Los ediles del bloque Uni\u00f3n Vecinal votar\u00e1n en contra al igual que los representantes del Frente C\u00edvico, por lo que si no se produce inguna sorpresa de \u00faltimo momento ser\u00eda rechazado el proyecto por mayor\u00eda.<\/p>\n<p>Solo aprobar\u00edan la iniciativa los representantes del radicalismo y del nuevo bloque del justicialismo. Estos \u00faltimos son los que impulsan precisamente la propuesta de las PASO a nivel municipal.<\/p>\n<h2>Candidatos<\/h2>\n<p>Como ya se anticip\u00f3 en este diario ya est\u00e1n lanzados p\u00fablicamente varios candidatos a suceder a Eduardo Avalle.<\/p>\n<p>Es un hecho que el PRO postular\u00e1 a Pedro Dellarossa. Desde la Uni\u00f3n Vecinal sostienen la posible candidatura de Dante Castellaro, actual secretario de Gobierno, aunque la misma a\u00fan no fue oficializada. Por su parte el Justicialismo pretende llevar candidato propio, separado del vecinalismo. En este sentido se especula con las figuras de Daniel Fragazzini (director del Hospital Provincial) o de Eduardo Foressi (vice director del mencionado nosocomio).<\/p>\n<p>Resta conocer qu\u00e9 posici\u00f3n adoptar\u00e1 la Uni\u00f3n C\u00edvica Radical. Algunos dirigentes plantean la posibilidad de apoyar a Dellarrossa y otros en cambio creen que hay presentar lista propia, luego de la correspondiente interna.. El Frente para la Victoria tambi\u00e9n tendr\u00eda decidido participar aunque por ahora no hay nombres en danza.<\/p>\n<pre>Fuente: La Ma\u00f1ana de C\u00f3rdoba<\/pre>\n","protected":false},"excerpt":{"rendered":"<p>La fecha ser\u00e1 anunciada por el jefe comunal en la apertura de sesiones ordinarias del Concejo Deliberante. El intendente Eduardo Avalle anticip\u00f3 ayer que las elecciones municipales de Marcos Ju\u00e1rez se concretar\u00e1n el pr\u00f3ximo 7 de setiembre, cumpli\u00e9ndose as\u00ed los plazos previstos por la Carta Org\u00e1nica para este tipo de comicios. De esta forma la<\/p>\n","protected":false},"author":1,"featured_media":897,"comment_status":"closed","ping_status":"closed","sticky":false,"template":"","format":"standard","meta":{"footnotes":""},"categories":[4],"tags":[3],"class_list":["post-896","post","type-post","status-publish","format-standard","has-post-thumbnail","hentry","category-informe-politico","tag-cordoba"],"_links":{"self":[{"href":"http:\/\/argentinamunicipal.com.ar\/argentina\/wp-json\/wp\/v2\/posts\/896","targetHints":{"allow":["GET"]}}],"collection":[{"href":"http:\/\/argentinamunicipal.com.ar\/argentina\/wp-json\/wp\/v2\/posts"}],"about":[{"href":"http:\/\/argentinamunicipal.com.ar\/argentina\/wp-json\/wp\/v2\/types\/post"}],"author":[{"embeddable":true,"href":"http:\/\/argentinamunicipal.com.ar\/argentina\/wp-json\/wp\/v2\/users\/1"}],"replies":[{"embeddable":true,"href":"http:\/\/argentinamunicipal.com.ar\/argentina\/wp-json\/wp\/v2\/comments?post=896"}],"version-history":[{"count":0,"href":"http:\/\/argentinamunicipal.com.ar\/argentina\/wp-json\/wp\/v2\/posts\/896\/revisions"}],"wp:featuredmedia":[{"embeddable":true,"href":"http:\/\/argentinamunicipal.com.ar\/argentina\/wp-json\/wp\/v2\/media\/897"}],"wp:attachment":[{"href":"http:\/\/argentinamunicipal.com.ar\/argentina\/wp-json\/wp\/v2\/media?parent=896"}],"wp:term":[{"taxonomy":"category","embeddable":true,"href":"http:\/\/argentinamunicipal.com.ar\/argentina\/wp-json\/wp\/v2\/categories?post=896"},{"taxonomy":"post_tag","embeddable":true,"href":"http:\/\/argentinamunicipal.com.ar\/argentina\/wp-json\/wp\/v2\/tags?post=896"}],"curies":[{"name":"wp","href":"https:\/\/api.w.org\/{rel}","templated":true}]}}