{"id":89630,"date":"2019-05-01T19:46:45","date_gmt":"2019-05-01T22:46:45","guid":{"rendered":"http:\/\/argentinamunicipal.com.ar\/argentina\/?p=89630"},"modified":"2019-05-01T19:46:45","modified_gmt":"2019-05-01T22:46:45","slug":"donde-aprietan-los-zapatos","status":"publish","type":"post","link":"http:\/\/argentinamunicipal.com.ar\/argentina\/donde-aprietan-los-zapatos\/","title":{"rendered":"Donde aprietan los zapatos"},"content":{"rendered":"<p>El paro y la movilizaci\u00f3n que colmaron el centro de Buenos Aires, pero que tambi\u00e9n tuvo repercusi\u00f3n en otros puntos del pa\u00eds, expresan el sentir y la voluntad de una parte significativa de la ciudadan\u00eda, de los trabajadores y trabajadoras, tambi\u00e9n del electorado, que est\u00e1 manifestando su oposici\u00f3n al modelo pol\u00edtico-econ\u00f3mico que encarna Cambiemos. Es un pronunciamiento que, en t\u00e9rminos generales, se ubica en sinton\u00eda con los resultados electorales que se vienen verificando en provincias y municipios en fechas recientes. Lo ocurrido en la calle expresa una parte del mapa. Pero tambi\u00e9n hay una CGT oficial, ensimismada en un silencio inocultablemente c\u00f3mplice con el oficialismo, y dirigentes pol\u00edticos de la oposici\u00f3n que se siguen mirando el ombligo. Mientras tanto el gobierno, aunque desprestigiado por falta de ideas y capacidad t\u00e9cnica y deslegitimado por razones pol\u00edticas, tiene en el Fondo Monetario Internacional y en sectores concentrados del poder econ\u00f3mico su principal respaldo.<\/p>\n<p>El escenario enuncia, cada d\u00eda con m\u00e1s crudeza, la tensi\u00f3n entre diferentes modelos de pa\u00eds que se encarnan en metodolog\u00edas pol\u00edticas claramente diferentes. La propia gravedad de la crisis endurece las posiciones y hace m\u00e1s dif\u00edcil la relaci\u00f3n entre las partes. Mauricio Macri, que no tiene nada para mostrar como fruto de su propia gesti\u00f3n, se afirma en el discurso de que \u00abvolver al pasado ser\u00eda autodestruirnos\u00bb tal como si estuvi\u00e9ramos viviendo un presente maravilloso con el auspicio de un futuro a\u00fan m\u00e1s venturoso. Otra pirueta discursiva para continuar surfeando las olas de la crisis, mientras se sigue culpando al pasado de la propia incapacidad presente. Todo ello condimentado con una cuota muy importante de blindaje medi\u00e1tico y de protecci\u00f3n del Poder Judicial adicto. Montado sobre una representaci\u00f3n que bien podr\u00eda titularse \u00abaprietes, mentiras y cinismo\u00bb, y que tiene como int\u00e9rpretes principales al propio Macri, acompasado hoy a rega\u00f1adientes por Mar\u00eda Eugenia Vidal, a Elisa Carri\u00f3 con su habitual despliegue delirante, a Patricia Bullrich como apretadora y represora serial y a Jaime Dur\u00e1n Barba como guionista y arreglador.<\/p>\n<p>M\u00e1s all\u00e1 de todo esto es evidente que Cambiemos se fractura hasta el punto de que se hace dif\u00edcil para el Presidente -y m\u00e1s a\u00fan para Marcos Pe\u00f1a- recomponer las piezas del rompecabezas pol\u00edtico oficial. Debilitado en sus propias filas Macri apela a sus aliados externos, al FMI y a Trump, para seguir sosteniendo algo de poder. Tambi\u00e9n por eso, como alumno prolijo, se desentiende de su propia crisis y se apresura a respaldar el golpe de estado en Venezuela&#8230; y lo hace en nombre de la democracia, con el mismo cinismo que utiliza localmente.<\/p>\n<p>En otro lugar del mapa se ubican quienes, resistiendo o no, sufren las consecuencias de la pol\u00edtica que Macri pone en pr\u00e1ctica para su bien y el de los suyos. Y en esa parte del escenario la queja, la protesta, est\u00e1 instalada. Sirve como desahogo pero no alcanza. Los tiempos, los de la paciencia ciudadana y los electorales, se acortan y el reclamo no se plasma a\u00fan en una alternativa pol\u00edtica que interprete al sujeto popular y asome como posibilidad concreta de poder.<\/p>\n<p>Ganar la calle por parte de los damnificados, trabajadores, trabajadoras, pobres en general, ha sido hasta el momento la repuesta m\u00e1s contundente. Eficaz en si misma, aunque el gobierno la desestime. Es eficaz porque empodera y porque hace visible lo que el poder dominante, en todas sus formas, invisibiliza. Tambi\u00e9n porque traspasa las fronteras del silencio medi\u00e1tico. La calle comunica y convoca a la respuesta colectiva.<\/p>\n<p>Pero no es suficiente. Hay un clamor que a\u00fan no concreta en propuesta pol\u00edtica con vocaci\u00f3n y opci\u00f3n de poder. Unidad se reclam\u00f3 desde el palco instalado frente al Cabildo. Unidad de las filas de la oposici\u00f3n, unidad de los trabajadores. \u00abCon\u00bb, \u00absin\u00bb, \u00aben\u00bb, \u00abpor\u00bb &#8230; pero juntos y juntas. Si esa demanda que surge reiterada desde la realidad de las bases no se plasma con urgencia en hechos incuestionables e irreversibles, el cinismo, la mentira y el apriete seguir\u00e1n cotizando en el escenario pol\u00edtico en favor del oficialismo. Y en ese caso, el costo de un desastre todav\u00eda peor al que asistimos, ser\u00e1 compartido entre quienes hoy gobiernan y una oposici\u00f3n que ser\u00e1 est\u00e9ril si solo se debate en medio de ego\u00edsmos, personalismos e intereses que dejan de lado las urgencias y las necesidades de quienes peor la est\u00e1n pasando. Cada uno, cada una, sabe cu\u00e1nto calza y d\u00f3nde le aprieta el zapato.<\/p>\n<p>Por\u00a0Washington Uranga<\/p>\n<h6>Fuente: P\u00e1gina 12<\/h6>\n","protected":false},"excerpt":{"rendered":"<p>El paro y la movilizaci\u00f3n que colmaron el centro de Buenos Aires, pero que tambi\u00e9n tuvo repercusi\u00f3n en otros puntos del pa\u00eds, expresan el sentir y la voluntad de una parte significativa de la ciudadan\u00eda, de los trabajadores y trabajadoras<\/p>\n","protected":false},"author":2,"featured_media":89631,"comment_status":"closed","ping_status":"closed","sticky":false,"template":"","format":"standard","meta":{"footnotes":""},"categories":[6],"tags":[21],"class_list":["post-89630","post","type-post","status-publish","format-standard","has-post-thumbnail","hentry","category-opiniones","tag-argentina"],"_links":{"self":[{"href":"http:\/\/argentinamunicipal.com.ar\/argentina\/wp-json\/wp\/v2\/posts\/89630","targetHints":{"allow":["GET"]}}],"collection":[{"href":"http:\/\/argentinamunicipal.com.ar\/argentina\/wp-json\/wp\/v2\/posts"}],"about":[{"href":"http:\/\/argentinamunicipal.com.ar\/argentina\/wp-json\/wp\/v2\/types\/post"}],"author":[{"embeddable":true,"href":"http:\/\/argentinamunicipal.com.ar\/argentina\/wp-json\/wp\/v2\/users\/2"}],"replies":[{"embeddable":true,"href":"http:\/\/argentinamunicipal.com.ar\/argentina\/wp-json\/wp\/v2\/comments?post=89630"}],"version-history":[{"count":0,"href":"http:\/\/argentinamunicipal.com.ar\/argentina\/wp-json\/wp\/v2\/posts\/89630\/revisions"}],"wp:featuredmedia":[{"embeddable":true,"href":"http:\/\/argentinamunicipal.com.ar\/argentina\/wp-json\/wp\/v2\/media\/89631"}],"wp:attachment":[{"href":"http:\/\/argentinamunicipal.com.ar\/argentina\/wp-json\/wp\/v2\/media?parent=89630"}],"wp:term":[{"taxonomy":"category","embeddable":true,"href":"http:\/\/argentinamunicipal.com.ar\/argentina\/wp-json\/wp\/v2\/categories?post=89630"},{"taxonomy":"post_tag","embeddable":true,"href":"http:\/\/argentinamunicipal.com.ar\/argentina\/wp-json\/wp\/v2\/tags?post=89630"}],"curies":[{"name":"wp","href":"https:\/\/api.w.org\/{rel}","templated":true}]}}