{"id":89657,"date":"2019-05-01T20:10:20","date_gmt":"2019-05-01T23:10:20","guid":{"rendered":"http:\/\/argentinamunicipal.com.ar\/argentina\/?p=89657"},"modified":"2019-05-01T20:10:20","modified_gmt":"2019-05-01T23:10:20","slug":"la-crisis-que-no-da-respiro-arcor-paraliza-su-produccion-por-acumulacion-de-stock","status":"publish","type":"post","link":"http:\/\/argentinamunicipal.com.ar\/argentina\/la-crisis-que-no-da-respiro-arcor-paraliza-su-produccion-por-acumulacion-de-stock\/","title":{"rendered":"La crisis que no da respiro: Arcor paraliza su producci\u00f3n por acumulaci\u00f3n de stock"},"content":{"rendered":"<p>La empresa alimenticia par\u00f3 la producci\u00f3n en su planta de San Pedro ante la ca\u00edda de las ventas en el mercado interno. Sin embargo, aseguran que no habr\u00e1 despidos, pero s\u00ed un \u201creacomodamiento\u201d del personal.<br \/>\nQue\u00a0la ca\u00edda del consumo es la peor desde la crisis de 2002\u00a0no es novedad, pero ese derrumbe de las ventas se sigue llevando puestas diferentes empresas en diversas ramas productivas. En esta oportunidad le toc\u00f3 a\u00a0la\u00a0alimenticia Arcor\u00a0que decidi\u00f3 paralizar su producci\u00f3n por acumulaci\u00f3n de stock ante la falta de ventas en el mercado interno.<\/p>\n<p>Este martes anunci\u00f3 la suspensi\u00f3n de las operaciones de su\u00a0planta de San Pedro\u00a0para hacer frente a la situaci\u00f3n. Sin embargo, asegur\u00f3 que no habr\u00eda despidos, aunque s\u00ed reacomodamiento de personal hacia otras \u00e1reas productivas.<\/p>\n<p>Seg\u00fan consignaros desde el\u00a0Sindicato de la Alimentaci\u00f3n, no hay m\u00e1s lugar f\u00edsico en la planta que existe desde 1979 para ubicar la producci\u00f3n.<\/p>\n<p>\u201cEl Grupo Arcor informa que, ante la baja en la demanda de alcohol y los altos stocks acumulados, la compa\u00f1\u00eda se vio obligada a suspender moment\u00e1neamente la producci\u00f3n de alcohol en la planta de San Pedro. El personal ser\u00e1 destinado, durante ese per\u00edodo, a tareas de producci\u00f3n de harina de ma\u00edz y polenta\u201d confirm\u00f3 la empresa.<\/p>\n<p>Los n\u00fameros oficiales reflejan la crisis de altos niveles de stock. Sin ir m\u00e1s lejos, hace unos d\u00edas, el\u00a0Instituto Nacional de Estad\u00edsticas y Censos (INDEC)\u00a0inform\u00f3 que durante el mes de febrero se registr\u00f3 s\u00f3lo un 58,5 por ciento de capacidad instalada.<\/p>\n<p>Lo preocupante es que tales n\u00fameros delinean una curva ascendente que no retoma el alza. Po ejemplo, la capacidad ociosa de febrero de 2018 fue de s\u00f3lo 35,6 por ciento, por lo que s\u00f3lo se utilizaba el 64,4 por ciento de los recursos. M\u00e1s atr\u00e1s, en febrero de 2017 fue del 40% y en el mismo mes de 2016, de s\u00f3lo de 35,8%.<\/p>\n<p>Claramente, el segundo mes del 2019 fue el peor de la era Macri. No es novedad, ya que cientos de cierres de f\u00e1bricas, recortes y despidos enfriaron m\u00e1s aun el panorama sombr\u00edo al que se ve inmensa la econom\u00eda industrial tras la capada del consumo interno.<\/p>\n<p>Seg\u00fan el detalle del INDEC, los bloques sectoriales que presentan, en febrero de 2019, niveles de utilizaci\u00f3n de la capacidad instalada superiores al nivel general son: productos del tabaco (72,9%), refinaci\u00f3n del petr\u00f3leo (71,7%), papel y cart\u00f3n (71,7%), sustancias y productos qu\u00edmicos (69,4%), industrias met\u00e1licas b\u00e1sicas (68,7%), productos minerales no met\u00e1licos (67,5%).<\/p>\n<h6>Fuente: INfoCielo<\/h6>\n","protected":false},"excerpt":{"rendered":"<p>La empresa alimenticia par\u00f3 la producci\u00f3n en su planta de San Pedro ante la ca\u00edda de las ventas en el mercado interno. <\/p>\n","protected":false},"author":2,"featured_media":89658,"comment_status":"closed","ping_status":"closed","sticky":false,"template":"","format":"standard","meta":{"footnotes":""},"categories":[2],"tags":[12],"class_list":["post-89657","post","type-post","status-publish","format-standard","has-post-thumbnail","hentry","category-informe-municipal","tag-buenos-aires"],"_links":{"self":[{"href":"http:\/\/argentinamunicipal.com.ar\/argentina\/wp-json\/wp\/v2\/posts\/89657","targetHints":{"allow":["GET"]}}],"collection":[{"href":"http:\/\/argentinamunicipal.com.ar\/argentina\/wp-json\/wp\/v2\/posts"}],"about":[{"href":"http:\/\/argentinamunicipal.com.ar\/argentina\/wp-json\/wp\/v2\/types\/post"}],"author":[{"embeddable":true,"href":"http:\/\/argentinamunicipal.com.ar\/argentina\/wp-json\/wp\/v2\/users\/2"}],"replies":[{"embeddable":true,"href":"http:\/\/argentinamunicipal.com.ar\/argentina\/wp-json\/wp\/v2\/comments?post=89657"}],"version-history":[{"count":0,"href":"http:\/\/argentinamunicipal.com.ar\/argentina\/wp-json\/wp\/v2\/posts\/89657\/revisions"}],"wp:featuredmedia":[{"embeddable":true,"href":"http:\/\/argentinamunicipal.com.ar\/argentina\/wp-json\/wp\/v2\/media\/89658"}],"wp:attachment":[{"href":"http:\/\/argentinamunicipal.com.ar\/argentina\/wp-json\/wp\/v2\/media?parent=89657"}],"wp:term":[{"taxonomy":"category","embeddable":true,"href":"http:\/\/argentinamunicipal.com.ar\/argentina\/wp-json\/wp\/v2\/categories?post=89657"},{"taxonomy":"post_tag","embeddable":true,"href":"http:\/\/argentinamunicipal.com.ar\/argentina\/wp-json\/wp\/v2\/tags?post=89657"}],"curies":[{"name":"wp","href":"https:\/\/api.w.org\/{rel}","templated":true}]}}