{"id":89660,"date":"2019-05-01T20:19:15","date_gmt":"2019-05-01T23:19:15","guid":{"rendered":"http:\/\/argentinamunicipal.com.ar\/argentina\/?p=89660"},"modified":"2019-05-01T20:19:15","modified_gmt":"2019-05-01T23:19:15","slug":"manteca-al-techo-ni-para-untar-63-despidos-en-danica","status":"publish","type":"post","link":"http:\/\/argentinamunicipal.com.ar\/argentina\/manteca-al-techo-ni-para-untar-63-despidos-en-danica\/","title":{"rendered":"\u00bfManteca al techo? Ni para untar&#8230;63 despidos en D\u00e1nica"},"content":{"rendered":"<p>Son 33 de la planta de Lavallol y 30 de la de Villa Mercedes. Desde el Sindicato de Obreros y Empleados Aceiteros creen que desde el Gobierno avalan la pr\u00e1ctica y quieren hacerlos cobrar menos de 20 mil pesos por mes.<\/p>\n<p>En la madrugada del viernes los trabajadores que intentaban cambiar de turno en las plantas de D\u00e1nica en Villa Mercedes y Llavallol fueron notificados de sus despidos. 33 en Lavallol y otros 30 en Villa Mercedes, San Luis. La empresa recientemente adquirida por el Grupo Beltr\u00e1n se deshizo de un 30 % del plantel en cada establecimiento, se\u00f1ala la agencia de noticias\u00a0ANRed.<\/p>\n<p>El secretario general del Sindicato de Obreros y Empleados Aceiteros de San Luis y R\u00edo Cuarto, Juan Jos\u00e9 Dom\u00ednguez, inform\u00f3 que se enteraron a las cinco de la ma\u00f1ana.<\/p>\n<p>\u201cVen\u00edamos negociando porque la planta la compr\u00f3 el grupo Beltr\u00e1n de C\u00f3rdoba, hace dos meses. El primer mes empezaron a negociar para bajar los sueldos y para reestructurar la planta, porque aducen que tienen que despedir a 42 trabajadores. Hoy ya echaron a 30\u201d, se\u00f1al\u00f3 Dom\u00ednguez a un medio regional.<\/p>\n<p>Seg\u00fan el gremialista, las negociaciones no pudieron evitar que la empresa avance en dejar personal en la calle. \u201cDesde que compr\u00f3 el grupo Beltr\u00e1n,\u00a0lo que ellos quieren hacer es reestructurar porque est\u00e1n acostumbrados a pagar muy por debajo de los convenios que tenemos ac\u00e1. Lo que est\u00e1n haciendo es la maniobra de un Gobierno (nacional) que permite la flexibilizaci\u00f3n y amedrentar a los trabajadores para que cobren menos de 20 mil pesos\u201d.<\/p>\n<p>En el comunicado emitido por el SOEIA denuncian que desde el grupo Beltr\u00e1n \u201cVienen por el salario aceitero, a romper el Convenio 420\/05 y flexibilizar todas las condiciones laborales\u201d. Y que \u201cla patronal rompe de esta forma con una negociaci\u00f3n abierta por los salarios adeudados. Nuestra organizaci\u00f3n gremial present\u00f3 junto a los compa\u00f1eros del Sindicato de San Luis ayer mismo una denuncia por las deudas de la empresa con los pagos salariales en el Ministerio de Trabajo y Producci\u00f3n. Hoy la patronal responde de esta manera\u201d.<\/p>\n<p>El agrupamiento Las Bases trabajadores de D\u00e1nica public\u00f3: \u201cLa empresa despidi\u00f3 de manera arbitraria, ilegal e intempestiva 63 trabajadores de las plantas San Luis y Llavallol. Esto constituye un atropello brutal contra los derechos los trabajadores en su conjunto, ya q esgrimiendo argumentos falaces y una situaci\u00f3n de crisis inexistente, intentan justificar la destrucci\u00f3n de los puestos de trabajo con los que d\u00eda a d\u00eda cada compa\u00f1ero atiende las necesidades de su familia. \u00a1No lo podemos permitir! Es un momento trascendental y determinante para cada trabajador donde es necesario imponer nuestra postura y nuestros ideales, defender por encima de todo las fuentes de trabajo, los derechos y la dignidad. Convocamos a todas las fuerzas vivas de la sociedad a manifestarse en contra de la perversidad con que opera el Grupo Beltr\u00e1n, due\u00f1os de D\u00e1nica, y repudiar su accionar ilegal\u201d.<\/p>\n<h6>Fuente: InfoNews<\/h6>\n","protected":false},"excerpt":{"rendered":"<p>Son 33 de la planta de Lavallol y 30 de la de Villa Mercedes. Desde el Sindicato de Obreros y Empleados Aceiteros creen que desde el Gobierno avalan la pr\u00e1ctica y quieren hacerlos cobrar menos de 20 mil pesos por mes.<\/p>\n","protected":false},"author":2,"featured_media":89661,"comment_status":"closed","ping_status":"closed","sticky":false,"template":"","format":"standard","meta":{"footnotes":""},"categories":[2],"tags":[12],"class_list":["post-89660","post","type-post","status-publish","format-standard","has-post-thumbnail","hentry","category-informe-municipal","tag-buenos-aires"],"_links":{"self":[{"href":"http:\/\/argentinamunicipal.com.ar\/argentina\/wp-json\/wp\/v2\/posts\/89660","targetHints":{"allow":["GET"]}}],"collection":[{"href":"http:\/\/argentinamunicipal.com.ar\/argentina\/wp-json\/wp\/v2\/posts"}],"about":[{"href":"http:\/\/argentinamunicipal.com.ar\/argentina\/wp-json\/wp\/v2\/types\/post"}],"author":[{"embeddable":true,"href":"http:\/\/argentinamunicipal.com.ar\/argentina\/wp-json\/wp\/v2\/users\/2"}],"replies":[{"embeddable":true,"href":"http:\/\/argentinamunicipal.com.ar\/argentina\/wp-json\/wp\/v2\/comments?post=89660"}],"version-history":[{"count":0,"href":"http:\/\/argentinamunicipal.com.ar\/argentina\/wp-json\/wp\/v2\/posts\/89660\/revisions"}],"wp:featuredmedia":[{"embeddable":true,"href":"http:\/\/argentinamunicipal.com.ar\/argentina\/wp-json\/wp\/v2\/media\/89661"}],"wp:attachment":[{"href":"http:\/\/argentinamunicipal.com.ar\/argentina\/wp-json\/wp\/v2\/media?parent=89660"}],"wp:term":[{"taxonomy":"category","embeddable":true,"href":"http:\/\/argentinamunicipal.com.ar\/argentina\/wp-json\/wp\/v2\/categories?post=89660"},{"taxonomy":"post_tag","embeddable":true,"href":"http:\/\/argentinamunicipal.com.ar\/argentina\/wp-json\/wp\/v2\/tags?post=89660"}],"curies":[{"name":"wp","href":"https:\/\/api.w.org\/{rel}","templated":true}]}}