{"id":89696,"date":"2019-05-02T07:02:24","date_gmt":"2019-05-02T10:02:24","guid":{"rendered":"http:\/\/argentinamunicipal.com.ar\/argentina\/?p=89696"},"modified":"2019-05-02T07:02:24","modified_gmt":"2019-05-02T10:02:24","slug":"la-cienaga-es-el-segundo-pueblo-solar-de-jujuy","status":"publish","type":"post","link":"http:\/\/argentinamunicipal.com.ar\/argentina\/la-cienaga-es-el-segundo-pueblo-solar-de-jujuy\/","title":{"rendered":"La Ci\u00e9naga es el segundo pueblo solar de Jujuy"},"content":{"rendered":"<p>Desde el martes la energ\u00eda que consume ya no es generada por un grupo electr\u00f3geno sino por central fotovoltaica.<\/p>\n<p>La Ci\u00e9naga, en el departamento Santa Catalina, es un poblado distante a m\u00e1s de 100 kil\u00f3metros al oeste de La Quiaca, y solo el r\u00edo San Juan la separa de Bolivia.<\/p>\n<p>Sus habitantes mejorar\u00e1n su calidad de vida con la inauguraci\u00f3n de la Central Fotovoltaica Aut\u00f3noma que convierte a ese lugar en el segundo pueblo solar de Jujuy, ubicada a m\u00e1s de 3 mil metros de altura sobre el nivel del mar.<\/p>\n<p>El acto de inauguraci\u00f3n estuvo encabezado por el gobernador\u00a0GERARDO MORALES, junto a Esteban P\u00e9rez Andrich, director nacional de Energ\u00edas Renovables; Adolfo Pagliarulo, presidente del directorio de Ejesa-Ejedsa; Mario Pizarro, secretario de Energ\u00eda de la Provincia, y Ernesto Vaccaro, gerente general de Ejesa.<\/p>\n<p>Adem\u00e1s, acompa\u00f1aron autoridades locales y pobladores, quienes con gran entusiasmo recibieron la obra.<\/p>\n<p>La ceremonia se realiz\u00f3 el martes pasadas las 13 bajo un intenso sol en ese lugar de la Puna juje\u00f1a, con la ceremonia a la Pachamama de la que particip\u00f3 el primer mandatario junto a las comunidades originarias del lugar.<\/p>\n<p>Seguidamente el presidente de la comunidad aborigen, Ren\u00e9 Maman\u00ed, agradeci\u00f3 a todos los actores involucrados en tan importante proyecto, y agreg\u00f3 que \u00ablo so\u00f1\u00e9 de ni\u00f1o y adulto, y hoy es una realidad. La creencia de nuestros abuelos es que sin la tierra el sol no ser\u00eda \u00fatil y sin \u00e9l no podemos vivir\u00bb.<\/p>\n<p>A su turno Adolfo Pagliarulo dijo: \u00abHace un a\u00f1o junto al gobernador firmamos el desaf\u00edo de convertir pueblos que ten\u00edan generaci\u00f3n con combustible en pueblos solares. El reto era que estos pueblos tengan cien por ciento energ\u00eda renovable, Jujuy tiene dos recursos muy importantes: es uno de los puntos de radiaci\u00f3n m\u00e1s altos del mundo y el litio. Para lograr este objetivo quiero agradecer a todo el cuerpo de Ejesa y Ejsedsa\u00bb, remarc\u00f3.<\/p>\n<p>Posteriormente un operario cort\u00f3 definitivamente el servicio que generaba el combustible, mientras otro encendi\u00f3 el alumbrado p\u00fablico del pueblo con energ\u00eda renovable, que podr\u00e1 ser utilizada durante las 24 horas.<\/p>\n<p>A continuaci\u00f3n las autoridades presentes descubrieron una placa y realizaron el tradicional corte de cintas y recorrieron las instalaciones.<\/p>\n<p>En su alocuci\u00f3n, Esteban P\u00e9rez Andrich expres\u00f3: \u00abCuando trabajan en conjunto sector p\u00fablico, privado y las comunidades se pueden hacer cosas importantes, en este caso asociada a las energ\u00edas renovables\u00bb.<\/p>\n<p>Al tiempo que a\u00f1adi\u00f3: \u00abLas energ\u00edas renovables son limpias y econ\u00f3micamente rentables, venimos desarrollando esto fuertemente para que sea una realidad en Argentina; hay muchos proyectos en construcci\u00f3n que generan puestos de trabajo y eso es muy bueno\u00bb.<\/p>\n<p>Mientras que el gobernador Gerardo Morales manifest\u00f3: \u00abA mediados de mayo vamos a inaugurar el tercer pueblo solar en El Angosto, departamento Santa Catalina. Este es el segundo y para nosotros es muy importante y emblem\u00e1tico. Gracias al trabajo conjunto con Ejesa vamos a construir 12 plantas solares que van a generar 96 megavatios para consumir energ\u00eda limpia, luchando contra el cambio clim\u00e1tico\u00bb.<\/p>\n<p>Tambi\u00e9n agreg\u00f3: \u00abQueremos generar energ\u00eda a partir del sol. Tenemos la mejor radiaci\u00f3n del mundo, no s\u00e9 por qu\u00e9 antes no la aprovech\u00e1bamos. Estamos a tiempo de dar el paso y formar parte de este gran cambio con energ\u00eda que no contamina\u00bb.<\/p>\n<p>Entre los anuncios realizados menciono la aplicaci\u00f3n de una tarifa social para internet, con 10 megas, que costar\u00e1 500 pesos, llevando internet y desarrollo a cada rinc\u00f3n de Jujuy.<\/p>\n<p>Por su parte, el gerente general de Ejesa Jujuy, Ernesto Vaccaro, en di\u00e1logo con El Tribuno de Jujuy sobre la planta fotovoltaica dijo: En estos tres \u00faltimos a\u00f1os, las distintas promociones del Gobierno permitieron acelerar este tipo de inversiones cambiando la matriz energ\u00e9tica de Jujuy. Firmamos una carta de entendimiento para investigar y desarrollar alternativas que tengan otras caracter\u00edsticas, en las que se incorporen otros recursos fundamentales que tiene la provincia\u00bb.<\/p>\n<p>En otro tramo se\u00f1al\u00f3: \u00abHemos desarrollado el proyecto que funciona con el sol y bater\u00edas de litio que reemplazaron a las de plomo. Hasta el 2020 tenemos previsto concluir nueve pueblos solares. En La Quiaca vamos a desarrollar una planta h\u00edbrida, espec\u00edficamente en Piedra Negra a seis kil\u00f3metros, ser\u00e1 \u00fanica como proyecto porque tendr\u00e1 generaci\u00f3n a gas y fotovoltaica\u00bb.<\/p>\n<p><strong>La obra<\/strong><\/p>\n<p>Tiene la caracter\u00edstica de proveer energ\u00eda solar a pueblos que est\u00e1n dispersos del interconectado el\u00e9ctrico, demand\u00f3 tres meses de ejecuci\u00f3n cuenta con 80 paneles fotovoltaicos, divididos en 4 estructuras. Que generan energ\u00eda al pueblo con capacidad instalada de 22 megavatios ahorrando 5 mil quinientos litros de combustible anuales, que contaminaban el medio ambiente. La inversi\u00f3n tuvo un costo total de 40 millones de pesos.<\/p>\n<h6>Fuente: El Tribuno<\/h6>\n","protected":false},"excerpt":{"rendered":"<p>Desde el martes la energ\u00eda que consume ya no es generada por un grupo electr\u00f3geno sino por central fotovoltaica.<\/p>\n","protected":false},"author":2,"featured_media":89697,"comment_status":"closed","ping_status":"closed","sticky":false,"template":"","format":"standard","meta":{"footnotes":""},"categories":[2],"tags":[25],"class_list":["post-89696","post","type-post","status-publish","format-standard","has-post-thumbnail","hentry","category-informe-municipal","tag-jujuy"],"_links":{"self":[{"href":"http:\/\/argentinamunicipal.com.ar\/argentina\/wp-json\/wp\/v2\/posts\/89696","targetHints":{"allow":["GET"]}}],"collection":[{"href":"http:\/\/argentinamunicipal.com.ar\/argentina\/wp-json\/wp\/v2\/posts"}],"about":[{"href":"http:\/\/argentinamunicipal.com.ar\/argentina\/wp-json\/wp\/v2\/types\/post"}],"author":[{"embeddable":true,"href":"http:\/\/argentinamunicipal.com.ar\/argentina\/wp-json\/wp\/v2\/users\/2"}],"replies":[{"embeddable":true,"href":"http:\/\/argentinamunicipal.com.ar\/argentina\/wp-json\/wp\/v2\/comments?post=89696"}],"version-history":[{"count":0,"href":"http:\/\/argentinamunicipal.com.ar\/argentina\/wp-json\/wp\/v2\/posts\/89696\/revisions"}],"wp:featuredmedia":[{"embeddable":true,"href":"http:\/\/argentinamunicipal.com.ar\/argentina\/wp-json\/wp\/v2\/media\/89697"}],"wp:attachment":[{"href":"http:\/\/argentinamunicipal.com.ar\/argentina\/wp-json\/wp\/v2\/media?parent=89696"}],"wp:term":[{"taxonomy":"category","embeddable":true,"href":"http:\/\/argentinamunicipal.com.ar\/argentina\/wp-json\/wp\/v2\/categories?post=89696"},{"taxonomy":"post_tag","embeddable":true,"href":"http:\/\/argentinamunicipal.com.ar\/argentina\/wp-json\/wp\/v2\/tags?post=89696"}],"curies":[{"name":"wp","href":"https:\/\/api.w.org\/{rel}","templated":true}]}}