{"id":89699,"date":"2019-05-02T07:11:04","date_gmt":"2019-05-02T10:11:04","guid":{"rendered":"http:\/\/argentinamunicipal.com.ar\/argentina\/?p=89699"},"modified":"2019-05-02T07:11:04","modified_gmt":"2019-05-02T10:11:04","slug":"crece-el-numero-de-personas-que-asiste-a-los-comedores-comunitarios-de-concepcion-del-uruguay","status":"publish","type":"post","link":"http:\/\/argentinamunicipal.com.ar\/argentina\/crece-el-numero-de-personas-que-asiste-a-los-comedores-comunitarios-de-concepcion-del-uruguay\/","title":{"rendered":"Crece el n\u00famero de personas que asiste a los comedores comunitarios de Concepci\u00f3n del Uruguay\u00a0"},"content":{"rendered":"<p>La dif\u00edcil situaci\u00f3n socioecon\u00f3mica vigente en el pa\u00eds se refleja -entre otras formas- en el crecimiento de las personas que asisten a comedores comunitarios \u2022 En este marco, el intendente Jos\u00e9 Lauritto tom\u00f3 la decisi\u00f3n de asistir semanalmente a nueve de estos comedores comunitarios de diferentes barrios de Concepci\u00f3n del Uruguay<\/p>\n<p>\u201cA esto lo hacemos de manera ordenada, mediante resoluci\u00f3n y con seriedad en cuanto a que sepan qu\u00e9 van a recibir semanalmente y en base a los nombres de los chicos que ustedes nos han entregado, por lo cual son identificables con nombre y apellido\u201d, manifest\u00f3 Lauritto a los representantes de cada comedor. Tambi\u00e9n expres\u00f3 que, si se registra un nuevo comedor, recibir\u00e1 igual aporte.<\/p>\n<p>Los nueve comedores a los que se asiste son<\/p>\n<p>. El que funciona en el Sal\u00f3n de Usos M\u00faltiples de Los Palos (asistencia a 26 personas).<\/p>\n<p>. Merendero \u201cMe caigo y me levanto\u201d, del Centro de Salud Giacomotti (24 personas).<\/p>\n<p>. Comedor comunitario de La Tablada (63 personas).<\/p>\n<p>. El del asentamiento del Ex Circuito Mena (75 personas).<\/p>\n<p>. \u201cCarita Feliz\u201d (80 personas).<\/p>\n<p>. \u201cLos Cachetudos\u201d (80 personas).<\/p>\n<p>. Comedor comunitario de la Confederaci\u00f3n de Trabajadores de la Econom\u00eda Popular y el Movimiento de Trabajadores Excluidos (75 personas).<\/p>\n<p>. \u201cPancita llena\u201d, de La Tablada (58 personas).<\/p>\n<p>. \u201cUna tacita llena para mi pancita\u201d, del barrio San Cayetano (20 personas).<\/p>\n<p>En total son 501 personas, en su mayor\u00eda ni\u00f1os, los que comen o meriendan en estos espacios.<\/p>\n<p>Cada comedor recibir\u00e1 semanalmente cajas de leche, az\u00facar, mermelada y cacao para la provisi\u00f3n de merienda a los chicos. Para el almuerzo se aportar\u00e1n tallarines, aceite, tomate triturado, condimentos, harina, harina de ma\u00edz, zanahoria, pollo y lentejas.<\/p>\n<p>Flavia Scalfi, representante del comedor \u201cPancita llena\u201d, destac\u00f3 la importancia que esta medida reviste en cuanto a contar con estabilidad en la provisi\u00f3n de recursos. \u201cEs la primera vez que vamos a tener una ayuda constante del Municipio. Tener la posibilidad de que esto sea directo y continuo nos da una gran tranquilidad\u201d.<\/p>\n<p>Fuente: APFDigital<\/p>\n","protected":false},"excerpt":{"rendered":"<p>La dif\u00edcil situaci\u00f3n socioecon\u00f3mica vigente en el pa\u00eds se refleja -entre otras formas- en el crecimiento de las personas que asisten a comedores comunitarios<\/p>\n","protected":false},"author":2,"featured_media":89700,"comment_status":"closed","ping_status":"closed","sticky":false,"template":"","format":"standard","meta":{"footnotes":""},"categories":[2],"tags":[17],"class_list":["post-89699","post","type-post","status-publish","format-standard","has-post-thumbnail","hentry","category-informe-municipal","tag-entre-rios"],"_links":{"self":[{"href":"http:\/\/argentinamunicipal.com.ar\/argentina\/wp-json\/wp\/v2\/posts\/89699","targetHints":{"allow":["GET"]}}],"collection":[{"href":"http:\/\/argentinamunicipal.com.ar\/argentina\/wp-json\/wp\/v2\/posts"}],"about":[{"href":"http:\/\/argentinamunicipal.com.ar\/argentina\/wp-json\/wp\/v2\/types\/post"}],"author":[{"embeddable":true,"href":"http:\/\/argentinamunicipal.com.ar\/argentina\/wp-json\/wp\/v2\/users\/2"}],"replies":[{"embeddable":true,"href":"http:\/\/argentinamunicipal.com.ar\/argentina\/wp-json\/wp\/v2\/comments?post=89699"}],"version-history":[{"count":0,"href":"http:\/\/argentinamunicipal.com.ar\/argentina\/wp-json\/wp\/v2\/posts\/89699\/revisions"}],"wp:featuredmedia":[{"embeddable":true,"href":"http:\/\/argentinamunicipal.com.ar\/argentina\/wp-json\/wp\/v2\/media\/89700"}],"wp:attachment":[{"href":"http:\/\/argentinamunicipal.com.ar\/argentina\/wp-json\/wp\/v2\/media?parent=89699"}],"wp:term":[{"taxonomy":"category","embeddable":true,"href":"http:\/\/argentinamunicipal.com.ar\/argentina\/wp-json\/wp\/v2\/categories?post=89699"},{"taxonomy":"post_tag","embeddable":true,"href":"http:\/\/argentinamunicipal.com.ar\/argentina\/wp-json\/wp\/v2\/tags?post=89699"}],"curies":[{"name":"wp","href":"https:\/\/api.w.org\/{rel}","templated":true}]}}