{"id":89750,"date":"2019-05-03T07:00:17","date_gmt":"2019-05-03T10:00:17","guid":{"rendered":"http:\/\/argentinamunicipal.com.ar\/argentina\/?p=89750"},"modified":"2019-05-03T07:00:17","modified_gmt":"2019-05-03T10:00:17","slug":"zanella-aviso-que-se-vienen-despidos-masivos-en-sus-cuatro-fabricas-del-pais","status":"publish","type":"post","link":"http:\/\/argentinamunicipal.com.ar\/argentina\/zanella-aviso-que-se-vienen-despidos-masivos-en-sus-cuatro-fabricas-del-pais\/","title":{"rendered":"Zanella avis\u00f3 que se vienen despidos masivos en sus cuatro f\u00e1bricas del pa\u00eds"},"content":{"rendered":"<p>Desde la UOMA aseguran que el verdadero problema es que no se venden motos en ning\u00fan lugar de Argentina. As\u00ed, la firma prev\u00e9 recortes en las cuatro plantas que tiene instaladas en el territorio nacional.<br \/>\nLa ca\u00edda del consumo sigue pegando fuerte a la industria nacional que profundiza sus esquemas de suspensiones, despidos y paralizaci\u00f3n de la producci\u00f3n ante la acumulaci\u00f3n de stocks.\u00a0Arcor, Volkswagen\u00a0lo hicieron en las \u00faltimas horas.\u00a0Zanella\u00a0tambi\u00e9n.<\/p>\n<p>La empresa anunci\u00f3 que\u00a0reducir\u00e1 su personal en las cuatro f\u00e1bricas que tiene en todo el pa\u00eds, y seg\u00fan consigno el portal Infogremiales, desde el gremio confirmaron que \u201cno se venden motos en ning\u00fan lugar de la Argentina\u201d.<\/p>\n<p>Jos\u00e9 Luis Rocha es el secretario general de la UOM de Mar del Plata, y asegur\u00f3 en medios locales: \u201cVen\u00edamos trabajando con la empresa fechas a futuro, pero la semana pasada tuvimos una reuni\u00f3n y\u00a0la firma plante\u00f3 directamente la necesidad de despedir gente\u201d.<\/p>\n<p>La firma tiene cuatro f\u00e1bricas en todo el pa\u00eds, pero no toda la gente ser\u00e1 desvinculada. Es m\u00e1s, seg\u00fan el sindicalista, se comprometieron a no cerrar la f\u00e1brica en Mar del Plata, \u201cpero habr\u00e1 despidos en toda la Argentina, no sabemos cu\u00e1ntos tendr\u00e1n lugar ac\u00e1, hay 35 chicos que est\u00e1 atravesando un momento complejo\u201d, asegur\u00f3.<\/p>\n<p>El dato va en sinton\u00eda con el\u00a0estudio de la organizaci\u00f3n empresaria, Vistage Argentina, que public\u00f3 ayer este portal. Seg\u00fan el informe, m\u00e1s de la mitad de las compa\u00f1\u00edas ya prev\u00e9 un recorte de personal por el agravamiento de la crisis econ\u00f3mica que se acelera con la profundizaci\u00f3n y asentamiento de la recesi\u00f3n, la inestabilidad del tipo de cambio, la presi\u00f3n inflacionaria y la ca\u00edda del consumo.<\/p>\n<p>As\u00ed, mientras desde el Gobierno se intenta mitigar el impacto cr\u00edtico en un contexto electoral, industriales y empresarios encienden la luz de alerta por el futuro venidero que, estiman, pagar\u00e1 con creces el descalabro de los \u00faltimos d\u00edas.<\/p>\n<p>Por eso las empresas esperan un recorte de sus plantillas, a diferencia del a\u00f1o anterior. Seg\u00fan el estudio, por primera vez en mucho tiempo, son m\u00e1s las organizaciones que planean despidos. Exactamente,\u00a0el 55% de las firmas relevadas ya prev\u00e9 que disminuir\u00e1 su n\u00f3mina en el pr\u00f3ximo a\u00f1o. Un 22% no espera modificaciones y el 23% augura un aumento del personal.<\/p>\n<h6>Fuente: InfoCielo<\/h6>\n","protected":false},"excerpt":{"rendered":"<p>Desde la UOMA aseguran que el verdadero problema es que no se venden motos en ning\u00fan lugar de Argentina. As\u00ed, la firma prev\u00e9 recortes en las cuatro plantas que tiene instaladas en el territorio nacional.<\/p>\n","protected":false},"author":2,"featured_media":89751,"comment_status":"closed","ping_status":"closed","sticky":false,"template":"","format":"standard","meta":{"footnotes":""},"categories":[2],"tags":[21],"class_list":["post-89750","post","type-post","status-publish","format-standard","has-post-thumbnail","hentry","category-informe-municipal","tag-argentina"],"_links":{"self":[{"href":"http:\/\/argentinamunicipal.com.ar\/argentina\/wp-json\/wp\/v2\/posts\/89750","targetHints":{"allow":["GET"]}}],"collection":[{"href":"http:\/\/argentinamunicipal.com.ar\/argentina\/wp-json\/wp\/v2\/posts"}],"about":[{"href":"http:\/\/argentinamunicipal.com.ar\/argentina\/wp-json\/wp\/v2\/types\/post"}],"author":[{"embeddable":true,"href":"http:\/\/argentinamunicipal.com.ar\/argentina\/wp-json\/wp\/v2\/users\/2"}],"replies":[{"embeddable":true,"href":"http:\/\/argentinamunicipal.com.ar\/argentina\/wp-json\/wp\/v2\/comments?post=89750"}],"version-history":[{"count":0,"href":"http:\/\/argentinamunicipal.com.ar\/argentina\/wp-json\/wp\/v2\/posts\/89750\/revisions"}],"wp:featuredmedia":[{"embeddable":true,"href":"http:\/\/argentinamunicipal.com.ar\/argentina\/wp-json\/wp\/v2\/media\/89751"}],"wp:attachment":[{"href":"http:\/\/argentinamunicipal.com.ar\/argentina\/wp-json\/wp\/v2\/media?parent=89750"}],"wp:term":[{"taxonomy":"category","embeddable":true,"href":"http:\/\/argentinamunicipal.com.ar\/argentina\/wp-json\/wp\/v2\/categories?post=89750"},{"taxonomy":"post_tag","embeddable":true,"href":"http:\/\/argentinamunicipal.com.ar\/argentina\/wp-json\/wp\/v2\/tags?post=89750"}],"curies":[{"name":"wp","href":"https:\/\/api.w.org\/{rel}","templated":true}]}}