{"id":89756,"date":"2019-05-03T07:08:38","date_gmt":"2019-05-03T10:08:38","guid":{"rendered":"http:\/\/argentinamunicipal.com.ar\/argentina\/?p=89756"},"modified":"2019-05-03T07:08:38","modified_gmt":"2019-05-03T10:08:38","slug":"finalmente-los-trabajadores-suspendidos-en-volkswagen-de-pacheco-seran-casi-4-000","status":"publish","type":"post","link":"http:\/\/argentinamunicipal.com.ar\/argentina\/finalmente-los-trabajadores-suspendidos-en-volkswagen-de-pacheco-seran-casi-4-000\/","title":{"rendered":"Finalmente los trabajadores suspendidos en Volkswagen de Pacheco ser\u00e1n casi 4.000"},"content":{"rendered":"<p>Se trata de la f\u00e1brica que hoy produce el modelo Amarok y ante la ca\u00edda de las ventas decidi\u00f3 paralizar la planta durante ocho d\u00edas a los largo del mes de mayo. En un principio bastaba con la suspensi\u00f3n de 2800 operarios, ahora ser\u00e1n 3900 los afectados.<\/p>\n<p>Mientras desde el Gobierno se intenta mitigar el impacto cr\u00edtico en un contexto electoral, industriales y empresarios encienden la luz de alerta por el futuro venidero que, estiman, pagar\u00e1 con creces el descalabro de los \u00faltimos d\u00edas. Por eso las empresas esperan un recorte de sus plantillas, a diferencia del a\u00f1o anterior, y sin dudas el sector automotriz es uno de los m\u00e1s golpeados.<\/p>\n<p>Volkswagen\u00a0suspender\u00e1 por ocho d\u00edas en mayo a 3.900 trabajadores de su planta situada en Pacheco, partido de Tigre, un n\u00famero mucho mayor al 2.800 anunciado horas atr\u00e1s.<\/p>\n<p>En el caso de la firma, no s\u00f3lo sufre el impacto de la ca\u00edda del consumo y, por ende, de las ventas de autom\u00f3viles, sino que seg\u00fan detalla el portal Infogremiales se suma otro factor: recientemente se dej\u00f3 de producir el modelo Suran y hasta fin de a\u00f1o no se comenzar\u00e1 con la producci\u00f3n de preseries del nuevo SUV Tarek.<\/p>\n<p>Cabe recordar que en marzo, Volkswagen hab\u00eda comenzado con un esquema de 300 suspensiones rotativas en Pacheco. Y adem\u00e1s, son muchas las empresas que tomaron el mismo camino de suspensiones y paralizaci\u00f3n de producci\u00f3n.<\/p>\n<p>El sector automotriz es uno de los m\u00e1s golpeados por la recesi\u00f3n durante lo que va de 2019. Seg\u00fan un informe del\u00a0CEPA, dicha industria\u00a0lider\u00f3 el ranking de suspensiones\u00a0en el primer trimestre del a\u00f1o con 7.700 casos registrados.<\/p>\n<p>Vale recordar que el 1 de abril, la planta de\u00a0Toyota\u00a0ubicada en la localidad bonaerense de Z\u00e1rate inici\u00f3 un programa de suspensiones que afecta a gran parte de sus 5 mil trabajadores. A comienzos de marzo, la planta de Honda en Campana suspendi\u00f3 a 700 trabajadores, mientras que hoy se cumplieron los dos meses de suspensiones que Peugeot dispuso para los trabajadores de la planta de Mor\u00f3n a fines de febrero.<\/p>\n<h6>Fuente: InfoCielo<\/h6>\n","protected":false},"excerpt":{"rendered":"<p>Se trata de la f\u00e1brica que hoy produce el modelo Amarok y ante la ca\u00edda de las ventas decidi\u00f3 paralizar la planta durante ocho d\u00edas a los largo del mes de mayo. <\/p>\n","protected":false},"author":2,"featured_media":89757,"comment_status":"closed","ping_status":"closed","sticky":false,"template":"","format":"standard","meta":{"footnotes":""},"categories":[2],"tags":[12],"class_list":["post-89756","post","type-post","status-publish","format-standard","has-post-thumbnail","hentry","category-informe-municipal","tag-buenos-aires"],"_links":{"self":[{"href":"http:\/\/argentinamunicipal.com.ar\/argentina\/wp-json\/wp\/v2\/posts\/89756","targetHints":{"allow":["GET"]}}],"collection":[{"href":"http:\/\/argentinamunicipal.com.ar\/argentina\/wp-json\/wp\/v2\/posts"}],"about":[{"href":"http:\/\/argentinamunicipal.com.ar\/argentina\/wp-json\/wp\/v2\/types\/post"}],"author":[{"embeddable":true,"href":"http:\/\/argentinamunicipal.com.ar\/argentina\/wp-json\/wp\/v2\/users\/2"}],"replies":[{"embeddable":true,"href":"http:\/\/argentinamunicipal.com.ar\/argentina\/wp-json\/wp\/v2\/comments?post=89756"}],"version-history":[{"count":0,"href":"http:\/\/argentinamunicipal.com.ar\/argentina\/wp-json\/wp\/v2\/posts\/89756\/revisions"}],"wp:featuredmedia":[{"embeddable":true,"href":"http:\/\/argentinamunicipal.com.ar\/argentina\/wp-json\/wp\/v2\/media\/89757"}],"wp:attachment":[{"href":"http:\/\/argentinamunicipal.com.ar\/argentina\/wp-json\/wp\/v2\/media?parent=89756"}],"wp:term":[{"taxonomy":"category","embeddable":true,"href":"http:\/\/argentinamunicipal.com.ar\/argentina\/wp-json\/wp\/v2\/categories?post=89756"},{"taxonomy":"post_tag","embeddable":true,"href":"http:\/\/argentinamunicipal.com.ar\/argentina\/wp-json\/wp\/v2\/tags?post=89756"}],"curies":[{"name":"wp","href":"https:\/\/api.w.org\/{rel}","templated":true}]}}