{"id":89762,"date":"2019-05-03T07:15:43","date_gmt":"2019-05-03T10:15:43","guid":{"rendered":"http:\/\/argentinamunicipal.com.ar\/argentina\/?p=89762"},"modified":"2019-05-03T07:15:43","modified_gmt":"2019-05-03T10:15:43","slug":"la-actividad-economica-de-rosario-cayo-45-en-el-mes-de-febrero","status":"publish","type":"post","link":"http:\/\/argentinamunicipal.com.ar\/argentina\/la-actividad-economica-de-rosario-cayo-45-en-el-mes-de-febrero\/","title":{"rendered":"La actividad econ\u00f3mica de Rosario cay\u00f3 4,5% en el mes de febrero"},"content":{"rendered":"<p>La ca\u00edda fue menor a la proyectada en el relevamiento anterior y estuvo motorizada por una baja en la actividad de la construcci\u00f3n y la industria manufacturera.<\/p>\n<p>En febrero de este a\u00f1o, la actividad econ\u00f3mica de Rosario cay\u00f3 un 4,5% en relaci\u00f3n al mismo mes del 2018 medido a valores constantes, seg\u00fan los datos del Informe Mensual de Facturaci\u00f3n que elabora el Centro de Informaci\u00f3n Econ\u00f3mica (CIE) de la Municipalidad de Rosario. La ca\u00edda fue menor a la proyectada en el relevamiento anterior y estuvo motorizada por una baja en la actividad de la construcci\u00f3n y la industria manufacturera.<\/p>\n<p>Por otra parte, seg\u00fan las estimaciones del CIE de acuerdo a datos provisorios de la facturaci\u00f3n total, la ca\u00edda de marzo llegar\u00eda al 11,03%.<\/p>\n<p>El comportamiento de la facturaci\u00f3n de febrero en comparaci\u00f3n con el mismo mes del 2018, muestra una ca\u00edda en todos los sectores, con la industria manufacturera y construcci\u00f3n como los rubros con peor desempe\u00f1o, con una baja interanual del 12,2% y el 9,8% respectivamente. El comercio baj\u00f3 un 3,8% y los servicios privados cayeron un 0,2%. Al interior de la industria, el sector m\u00e1s afectado fue veh\u00edculos y equipos de transporte, con una ca\u00edda del 24,8% interanual.\u2560En tanto, en el segmento de servicios, la \u00fanica suba fue de 17,7% de intermediaci\u00f3n financiera y servicios de seguros.<\/p>\n<p>Desde el CIE detallaron que en funci\u00f3n de que \u00abentre octubre de 2017 y marzo de 2018 el \u00edndice de facturaci\u00f3n registr\u00f3 los mayores niveles de la serie desde 2015, las variaciones interanuales muestran valores negativos muy significativos\u00bb.<\/p>\n<p>Al mismo tiempo, el informe del CIE adelant\u00f3 algunos datos provisorios respecto a marzo de 2019, donde se registra una ca\u00edda en la facturaci\u00f3n total a valores constantes de los locales habilitados en la ciudad respecto a igual mes del 2018 del 11%. En la comparaci\u00f3n con febrero de 2019, muestra una ca\u00edda del 4,32% en la facturaci\u00f3n.<\/p>\n<p>\u00abObservamos un comportamiento similar al de la actividad econ\u00f3mica del pa\u00eds\u00bb, indic\u00f3 el secretario de Producci\u00f3n municipal, Germ\u00e1n Gir\u00f3, en referencia a los datos del Indec que muestran una ca\u00edda interanual del 4,8% a nivel nacional. \u00abEn cada rubro de la actividad tambi\u00e9n vemos un comportamiento muy similar entre el \u00edndice local y el nacional\u00bb, agreg\u00f3.<\/p>\n<p>En ese sentido, insisti\u00f3 en \u00abseguir trabajando en programas de coyuntura, de apoyo al sector productivo como Precios Justos que est\u00e1 completando su cuarta etapa junto al Centro Uni\u00f3n de Almaceneros y tambi\u00e9n junto a los Industriales Panaderos\u00bb.<\/p>\n<h6>Fuente: La Capital<\/h6>\n","protected":false},"excerpt":{"rendered":"<p>La ca\u00edda fue menor a la proyectada en el relevamiento anterior y estuvo motorizada por una baja en la actividad de la construcci\u00f3n y la industria manufacturera.<\/p>\n","protected":false},"author":2,"featured_media":89763,"comment_status":"closed","ping_status":"closed","sticky":false,"template":"","format":"standard","meta":{"footnotes":""},"categories":[5],"tags":[10],"class_list":["post-89762","post","type-post","status-publish","format-standard","has-post-thumbnail","hentry","category-informe-economico","tag-santa-fe"],"_links":{"self":[{"href":"http:\/\/argentinamunicipal.com.ar\/argentina\/wp-json\/wp\/v2\/posts\/89762","targetHints":{"allow":["GET"]}}],"collection":[{"href":"http:\/\/argentinamunicipal.com.ar\/argentina\/wp-json\/wp\/v2\/posts"}],"about":[{"href":"http:\/\/argentinamunicipal.com.ar\/argentina\/wp-json\/wp\/v2\/types\/post"}],"author":[{"embeddable":true,"href":"http:\/\/argentinamunicipal.com.ar\/argentina\/wp-json\/wp\/v2\/users\/2"}],"replies":[{"embeddable":true,"href":"http:\/\/argentinamunicipal.com.ar\/argentina\/wp-json\/wp\/v2\/comments?post=89762"}],"version-history":[{"count":0,"href":"http:\/\/argentinamunicipal.com.ar\/argentina\/wp-json\/wp\/v2\/posts\/89762\/revisions"}],"wp:featuredmedia":[{"embeddable":true,"href":"http:\/\/argentinamunicipal.com.ar\/argentina\/wp-json\/wp\/v2\/media\/89763"}],"wp:attachment":[{"href":"http:\/\/argentinamunicipal.com.ar\/argentina\/wp-json\/wp\/v2\/media?parent=89762"}],"wp:term":[{"taxonomy":"category","embeddable":true,"href":"http:\/\/argentinamunicipal.com.ar\/argentina\/wp-json\/wp\/v2\/categories?post=89762"},{"taxonomy":"post_tag","embeddable":true,"href":"http:\/\/argentinamunicipal.com.ar\/argentina\/wp-json\/wp\/v2\/tags?post=89762"}],"curies":[{"name":"wp","href":"https:\/\/api.w.org\/{rel}","templated":true}]}}