{"id":89781,"date":"2019-05-03T07:51:06","date_gmt":"2019-05-03T10:51:06","guid":{"rendered":"http:\/\/argentinamunicipal.com.ar\/argentina\/?p=89781"},"modified":"2019-05-03T07:51:06","modified_gmt":"2019-05-03T10:51:06","slug":"despues-de-gualeguaychu-bazar-el-entrerriano-cerro-la-sucursal-de-chajari","status":"publish","type":"post","link":"http:\/\/argentinamunicipal.com.ar\/argentina\/despues-de-gualeguaychu-bazar-el-entrerriano-cerro-la-sucursal-de-chajari\/","title":{"rendered":"Despu\u00e9s de Gualeguaych\u00fa, Bazar \u00abEl Entrerriano\u00bb cerr\u00f3 la sucursal de Chajar\u00ed"},"content":{"rendered":"<p>La empresa cerr\u00f3 dos locales y se perdieron 14 puestos laborales en la provincia. Bazar \u00abEl Entrerriano\u00bb finaliz\u00f3 su actividad en las sucursales de Gualeguaych\u00fa y Chajar\u00ed. Anticipan que otro local seguir\u00eda en el mismo camino<\/p>\n<p>La crisis que afecta al comercio y otras actividades vuelve a golpear duramente a los comercios de la provincia y no distingue a los que llevan varias decenas de a\u00f1os trabajando en territorio entrerriano.<\/p>\n<p>La tradicional firma \u00abBazar El Entrerriano\u00bb cerr\u00f3 este jueves la sucursal de la ciudad de Gualeguaych\u00fa y esta tarde, se conoci\u00f3 que tambi\u00e9n finaliz\u00f3 su actividad en la localidad de Chajar\u00ed.<\/p>\n<p>El local del sur entrerriano funcionaba hace m\u00e1s de 21 a\u00f1os en 25 de Mayo, casi Rocamora de la ciudad de Gualeguaych\u00fa. Mientras que el local ubicado en calle Urquiza al 1100, en el departamento Federaci\u00f3n, hab\u00eda iniciado su actividad hace 12 a\u00f1os en la ciudad de Chajar\u00ed.<\/p>\n<p><strong>14 puestos laborales<\/strong><br \/>\nCon el fin de las actividades en ambos locales, se perdieron 14 puestos laborales en la provincia y cabe recordar que la firma, ya hab\u00eda cerrado las sucursales de Col\u00f3n, Concordia y Santa Fe.<\/p>\n<p>Desde hace algunos meses y seg\u00fan algunos de sus empleados, \u00abtodos los d\u00edas llegamos a trabajar, mirando a ver si no lleg\u00f3 el cami\u00f3n para llevarse todo\u00bb, dijeron a\u00a0TalCualChajar\u00ed.\u00a0La incertidumbre, el cobro de sueldos en cuotas, no poder pagar los gastos b\u00e1sicos para vivir, fueron algunas de las peripecias sufridas por los siete empleados que este jueves, quedaron sin trabajo.<\/p>\n<p><strong>Con 10 a\u00f1os de antig\u00fcedad<\/strong><br \/>\nLa sucursal chajariense ten\u00eda doce a\u00f1os y medio de vida y algunos empleados contaban con m\u00e1s de 10 a\u00f1os de antig\u00fcedad. La Delegaci\u00f3n de trabajo local estuvo presente en la reuni\u00f3n junto a los abogados de la empresa y el abogado de los empleados, quien suscribi\u00f3 un convenio en el\u00a0que se hace constar que en las pr\u00f3ximas 48 horas, se enviar\u00e1 el telegrama de despido y tambi\u00e9n, se hace constar la mercader\u00eda que se retira del lugar por parte de la empresa.<\/p>\n<p>\u00abVamos a esperar a ver a qu\u00e9 arreglo llegamos\u00bb, confi\u00f3 un empleado despedido de Bazar El Entrerriano de Chajar\u00ed.<\/p>\n<p><strong>Tambi\u00e9n en Gualeguaych\u00fa<\/strong><br \/>\nEn tanto, esta ma\u00f1ana, dos camiones comenzaron a retirar la mercader\u00eda que estaba en la sede del bazar El Entrerriano de Gualeguaych\u00fa. De ese modo, se concret\u00f3 el cierre del local tras haber estado 21 a\u00f1os en el sector comercial de dicha localidad.<\/p>\n<p>La decisi\u00f3n afect\u00f3 la situaci\u00f3n de siete trabajadores que quedaron en la calle, aunque previamente la patronal hab\u00eda acordado un retiro voluntario con tres del total de la planta de empleados.<\/p>\n<p><strong>Otro en la mira<\/strong><br \/>\nEsto se sum\u00f3 a la decisi\u00f3n de la empresa de haber cerrado la sucursal Concordia, cuando en octubre del a\u00f1o pasado hab\u00eda tomado la misma determinaci\u00f3n afectando la continuidad laboral de ocho personas. \u00abHace meses que venimos vendiendo el 10 por ciento de lo que vend\u00edamos hace algunos a\u00f1os. Es algo que esper\u00e1bamos, lamentablemente\u00bb, reconoci\u00f3 uno de los empleados del comercio que cerr\u00f3 sus puertas en Gualeguaych\u00fa. A su vez, este jueves cerr\u00f3 la sucursal Chajar\u00ed, mientras que el local de La Paz est\u00e1 en plan de cierre, y se sumar\u00eda a la lista de locales cerrados por el bazar que tiene casi 100 a\u00f1os trabajando en la provincia.<\/p>\n<h6>Fuente: El Once<\/h6>\n","protected":false},"excerpt":{"rendered":"<p>La empresa cerr\u00f3 dos locales y se perdieron 14 puestos laborales en la provincia.\u00a0Bazar \u00abEl Entrerriano\u00bb finaliz\u00f3 su actividad en las sucursales de Gualeguaych\u00fa y Chajar\u00ed. Anticipan que otro local seguir\u00eda en el mismo camino<\/p>\n","protected":false},"author":2,"featured_media":89782,"comment_status":"closed","ping_status":"closed","sticky":false,"template":"","format":"standard","meta":{"footnotes":""},"categories":[2],"tags":[17],"class_list":["post-89781","post","type-post","status-publish","format-standard","has-post-thumbnail","hentry","category-informe-municipal","tag-entre-rios"],"_links":{"self":[{"href":"http:\/\/argentinamunicipal.com.ar\/argentina\/wp-json\/wp\/v2\/posts\/89781","targetHints":{"allow":["GET"]}}],"collection":[{"href":"http:\/\/argentinamunicipal.com.ar\/argentina\/wp-json\/wp\/v2\/posts"}],"about":[{"href":"http:\/\/argentinamunicipal.com.ar\/argentina\/wp-json\/wp\/v2\/types\/post"}],"author":[{"embeddable":true,"href":"http:\/\/argentinamunicipal.com.ar\/argentina\/wp-json\/wp\/v2\/users\/2"}],"replies":[{"embeddable":true,"href":"http:\/\/argentinamunicipal.com.ar\/argentina\/wp-json\/wp\/v2\/comments?post=89781"}],"version-history":[{"count":0,"href":"http:\/\/argentinamunicipal.com.ar\/argentina\/wp-json\/wp\/v2\/posts\/89781\/revisions"}],"wp:featuredmedia":[{"embeddable":true,"href":"http:\/\/argentinamunicipal.com.ar\/argentina\/wp-json\/wp\/v2\/media\/89782"}],"wp:attachment":[{"href":"http:\/\/argentinamunicipal.com.ar\/argentina\/wp-json\/wp\/v2\/media?parent=89781"}],"wp:term":[{"taxonomy":"category","embeddable":true,"href":"http:\/\/argentinamunicipal.com.ar\/argentina\/wp-json\/wp\/v2\/categories?post=89781"},{"taxonomy":"post_tag","embeddable":true,"href":"http:\/\/argentinamunicipal.com.ar\/argentina\/wp-json\/wp\/v2\/tags?post=89781"}],"curies":[{"name":"wp","href":"https:\/\/api.w.org\/{rel}","templated":true}]}}