{"id":89857,"date":"2019-05-06T05:01:28","date_gmt":"2019-05-06T08:01:28","guid":{"rendered":"http:\/\/argentinamunicipal.com.ar\/argentina\/?p=89857"},"modified":"2019-05-06T08:03:54","modified_gmt":"2019-05-06T11:03:54","slug":"crisis-incesante-la-fabrica-de-alimentos-alijor-despidio-una-decena-de-trabajadores-y-amenazo-con-cerrar","status":"publish","type":"post","link":"http:\/\/argentinamunicipal.com.ar\/argentina\/crisis-incesante-la-fabrica-de-alimentos-alijor-despidio-una-decena-de-trabajadores-y-amenazo-con-cerrar\/","title":{"rendered":"Crisis incesante: La f\u00e1brica de alimentos Alijor despidi\u00f3 una decena de trabajadores y amenaz\u00f3 con cerrar"},"content":{"rendered":"<p>Adem\u00e1s, la empresa se niega a pagar indemnizaciones. El Consejo Directivo del STIA Filial Buenos Aires ya hab\u00eda denunciado penalmente al personal superior de Alijor S. A por una causa caratulada como \u00abhostigamiento\u00bb.<br \/>\nLa\u00a0alimenticia Alijor\u00a0con planta en Gar\u00edn de la provincia de Buenos Aires, se sum\u00f3 a la ola de despidos y suspensiones que en los \u00faltimos d\u00edas protagoniz\u00f3 la empresa Arcor.\u00a0La firma que produce1,8 millones de panes al mes en promedio, un mill\u00f3n de tapas de pascualina y 200.000 kilos de pastas que son comercializados en el mercado interno,\u00a0despidi\u00f3 a diez empleados y amenaz\u00f3 con cerrar\u00a0como consecuencia de la crisis econ\u00f3mica que atraviesa el pa\u00eds.<\/p>\n<p>Adem\u00e1s, denuncian desde el gremio, la empresa no quiere pagar las respectivas indemnizaciones. Se vienen llevando adelante denuncias sobre las autoridades de Alijor. De hecho el\u00a0Consejo Directivo del STIA Filial Buenos Aires\u00a0ya hab\u00eda denunciado penalmente al personal superior de Alijor S. A por una causa caratulada como \u00abhostigamiento\u00bb.<\/p>\n<p>Mediante un comunicado, desde el Sindicato de Alimentaci\u00f3n le reclamaron la reincorporaci\u00f3n de los despedidos. Pero la empresa cerr\u00f3 las puertas de la f\u00e1brica, impidiendo el ingreso a los trabajadores.<\/p>\n<p>\u00abLa maniobra de persecuci\u00f3n y maltrato tuvo como resultado el despido de diez compa\u00f1eros\u00bb, comienza.<\/p>\n<p>\u201cEl STIA se encuentra realizando las gestiones pertinentes para que la empresa se ajuste a derecho\u201d, versa el escrito y pide \u201cque se reincorpore a los compa\u00f1eros despedidos y se garanticen las fuentes de trabajo de las compa\u00f1eras y compa\u00f1eros de Alijor.<\/p>\n<h6>Fuente: InfoCielo<\/h6>\n","protected":false},"excerpt":{"rendered":"<p>Adem\u00e1s, la empresa se niega a pagar indemnizaciones. El Consejo Directivo del STIA Filial Buenos Aires ya hab\u00eda denunciado penalmente al personal superior de Alijor S. A por una causa caratulada como \u00abhostigamiento\u00bb.<\/p>\n","protected":false},"author":2,"featured_media":89858,"comment_status":"closed","ping_status":"closed","sticky":false,"template":"","format":"standard","meta":{"footnotes":""},"categories":[2],"tags":[12],"class_list":["post-89857","post","type-post","status-publish","format-standard","has-post-thumbnail","hentry","category-informe-municipal","tag-buenos-aires"],"_links":{"self":[{"href":"http:\/\/argentinamunicipal.com.ar\/argentina\/wp-json\/wp\/v2\/posts\/89857","targetHints":{"allow":["GET"]}}],"collection":[{"href":"http:\/\/argentinamunicipal.com.ar\/argentina\/wp-json\/wp\/v2\/posts"}],"about":[{"href":"http:\/\/argentinamunicipal.com.ar\/argentina\/wp-json\/wp\/v2\/types\/post"}],"author":[{"embeddable":true,"href":"http:\/\/argentinamunicipal.com.ar\/argentina\/wp-json\/wp\/v2\/users\/2"}],"replies":[{"embeddable":true,"href":"http:\/\/argentinamunicipal.com.ar\/argentina\/wp-json\/wp\/v2\/comments?post=89857"}],"version-history":[{"count":0,"href":"http:\/\/argentinamunicipal.com.ar\/argentina\/wp-json\/wp\/v2\/posts\/89857\/revisions"}],"wp:featuredmedia":[{"embeddable":true,"href":"http:\/\/argentinamunicipal.com.ar\/argentina\/wp-json\/wp\/v2\/media\/89858"}],"wp:attachment":[{"href":"http:\/\/argentinamunicipal.com.ar\/argentina\/wp-json\/wp\/v2\/media?parent=89857"}],"wp:term":[{"taxonomy":"category","embeddable":true,"href":"http:\/\/argentinamunicipal.com.ar\/argentina\/wp-json\/wp\/v2\/categories?post=89857"},{"taxonomy":"post_tag","embeddable":true,"href":"http:\/\/argentinamunicipal.com.ar\/argentina\/wp-json\/wp\/v2\/tags?post=89857"}],"curies":[{"name":"wp","href":"https:\/\/api.w.org\/{rel}","templated":true}]}}