{"id":89878,"date":"2019-05-07T06:36:54","date_gmt":"2019-05-07T09:36:54","guid":{"rendered":"http:\/\/argentinamunicipal.com.ar\/argentina\/?p=89878"},"modified":"2019-05-07T06:36:54","modified_gmt":"2019-05-07T09:36:54","slug":"nuevas-denuncias-contra-temer","status":"publish","type":"post","link":"http:\/\/argentinamunicipal.com.ar\/argentina\/nuevas-denuncias-contra-temer\/","title":{"rendered":"Nuevas denuncias contra Temer"},"content":{"rendered":"<p>Un tribunal de Brasilia acept\u00f3 ayer nuevas acusaciones de corrupci\u00f3n contra el exjefe de Estado Michel Temer. En este caso Temer es acusado de de formar parte de una asociaci\u00f3n il\u00edcita y de obstruir a la justicia, cargos que tambi\u00e9n recaen sobre sus exministros Eliseu Padilla y Wellington Moreira Franco, ex jefe de gabinete y ex ministro de Minas y Energ\u00eda respectivamente. En particular, lo se\u00f1alan a Temer por recibir comisiones de parte del grupo c\u00e1rnico J&amp;S, cargos similares a los presentados en los otros cinco casos en los que Temer ya est\u00e1 procesado. Las acusaciones fueron formuladas por la Fiscal\u00eda General a mediados de 2017, pero la posibilidad de un juicio fue bloqueada por la C\u00e1mara de Diputados que impidi\u00f3 el necesario desafuero del ex presidente. Una vez que Temer dej\u00f3 el cargo en enero las denuncias fueron distribuidas en varios tribunales de primera instancia. El ex mandatario asumi\u00f3 el poder en mayo de 2016 cuando comenz\u00f3 el proceso que llev\u00f3 a la destituci\u00f3n de la entonces mandataria Dilma Rousseff. Temer, que durante m\u00e1s de una d\u00e9cada presidi\u00f3 el partido del Movimiento Democr\u00e1tico Brasile\u00f1o, fue arrestado el 21 de marzo en forma preventiva por cuatro d\u00edas, por sospechas de corrupci\u00f3n.<\/p>\n<h6>Fuetne: P\u00e1gina 12<\/h6>\n","protected":false},"excerpt":{"rendered":"<p>Un tribunal de Brasilia acept\u00f3 ayer nuevas acusaciones de corrupci\u00f3n contra el exjefe de Estado Michel Temer. En este caso Temer es acusado de de formar parte de una asociaci\u00f3n il\u00edcita y de obstruir a la justicia<\/p>\n","protected":false},"author":2,"featured_media":89879,"comment_status":"closed","ping_status":"closed","sticky":false,"template":"","format":"standard","meta":{"footnotes":""},"categories":[22],"tags":[57],"class_list":["post-89878","post","type-post","status-publish","format-standard","has-post-thumbnail","hentry","category-el-mundo","tag-el-mundo"],"_links":{"self":[{"href":"http:\/\/argentinamunicipal.com.ar\/argentina\/wp-json\/wp\/v2\/posts\/89878","targetHints":{"allow":["GET"]}}],"collection":[{"href":"http:\/\/argentinamunicipal.com.ar\/argentina\/wp-json\/wp\/v2\/posts"}],"about":[{"href":"http:\/\/argentinamunicipal.com.ar\/argentina\/wp-json\/wp\/v2\/types\/post"}],"author":[{"embeddable":true,"href":"http:\/\/argentinamunicipal.com.ar\/argentina\/wp-json\/wp\/v2\/users\/2"}],"replies":[{"embeddable":true,"href":"http:\/\/argentinamunicipal.com.ar\/argentina\/wp-json\/wp\/v2\/comments?post=89878"}],"version-history":[{"count":0,"href":"http:\/\/argentinamunicipal.com.ar\/argentina\/wp-json\/wp\/v2\/posts\/89878\/revisions"}],"wp:featuredmedia":[{"embeddable":true,"href":"http:\/\/argentinamunicipal.com.ar\/argentina\/wp-json\/wp\/v2\/media\/89879"}],"wp:attachment":[{"href":"http:\/\/argentinamunicipal.com.ar\/argentina\/wp-json\/wp\/v2\/media?parent=89878"}],"wp:term":[{"taxonomy":"category","embeddable":true,"href":"http:\/\/argentinamunicipal.com.ar\/argentina\/wp-json\/wp\/v2\/categories?post=89878"},{"taxonomy":"post_tag","embeddable":true,"href":"http:\/\/argentinamunicipal.com.ar\/argentina\/wp-json\/wp\/v2\/tags?post=89878"}],"curies":[{"name":"wp","href":"https:\/\/api.w.org\/{rel}","templated":true}]}}