{"id":89887,"date":"2019-05-07T07:01:49","date_gmt":"2019-05-07T10:01:49","guid":{"rendered":"http:\/\/argentinamunicipal.com.ar\/argentina\/?p=89887"},"modified":"2019-05-07T07:01:49","modified_gmt":"2019-05-07T10:01:49","slug":"el-drama-de-los-productores-del-norte-santafesino-que-sigue-bajo-agua","status":"publish","type":"post","link":"http:\/\/argentinamunicipal.com.ar\/argentina\/el-drama-de-los-productores-del-norte-santafesino-que-sigue-bajo-agua\/","title":{"rendered":"El drama de los productores del norte santafesino que sigue bajo agua"},"content":{"rendered":"<p>Hace ya cinco meses que permanecen inundados. Para muchos este es \u201cun a\u00f1o perdido\u201d con da\u00f1os \u00abincalculables\u201d<\/p>\n<p>Los campos del norte de la provincia est\u00e1n bajo agua desde mediados de diciembre del a\u00f1o pasado. El mal clima es una amenaza constante para los productores de la zona, pero la mayor preocupaci\u00f3n es el excedente h\u00eddrico que drena en territorio provincial desde Santiago del Estero y Chaco, donde en las \u00faltimas horas se registraron precipitaciones de hasta 300 mil\u00edmetros. Los productores santafesinos ya hablan de\u00a0\u201cun a\u00f1o perdido\u201d\u00a0con da\u00f1os \u00abincalculables\u201d.<\/p>\n<p>Gabriela Menna lo cuenta en primera persona.\u00a0Es productora rural en Villa Minetti, comuna del departamento 9 de Julio. Naci\u00f3 en el campo y en sus 37 a\u00f1os no recuerda una inundaci\u00f3n como esta, \u00abcon tantos meses de agua en los campos\u00bb.\u00a0\u00abM\u00e1s de un mes y medio no duraba, ahora ya hace cinco meses que estamos as\u00ed. Es much\u00edsimo\u00bb, dijo a UNO Santa Fe.<\/p>\n<p>Hoy los departamentos m\u00e1s afectados en el norte provincial son 9 de Julio y Vera donde estiman que el 60% y 80% (respectivamente) del territorio se encuentra con agua<\/p>\n<p>Sus 300 hect\u00e1reas de producci\u00f3n ganadera y agr\u00edcola, ubicadas a 16 kil\u00f3metro del pueblo, hoy est\u00e1n con unos \u00ab30 cent\u00edmetros de agua\u00bb. Desde noviembre del a\u00f1o pasado, cuando levantaron la cosecha de ma\u00edz, no pudieron volver a sembrar. Y al ganado en las \u00faltimas horas lo tuvieron que, en parte trasladar y otra vender, \u00abpara no perder todo\u00bb.<\/p>\n<p>\u00abUno trata de conservar las vacas madres para que no se mueran empantanadas y deshacernos de los animales m\u00e1s chicos. Buscamos salvar lo que se puede, porque est\u00e1 complicado el asunto y viene mucha m\u00e1s agua desde Santiago del Estero\u00bb, relat\u00f3 la productora que comparti\u00f3 un revelador video en redes sociales.<\/p>\n<p>Hoy los departamentos m\u00e1s afectados en el norte provincial son\u00a09 de Julio y Vera\u00a0donde estiman que el 60% y 80% (respectivamente) del territorio se encuentra con agua. Es que por estas zonas de los\u00a0Bajos Submeridionales\u00a0escurren naturalmente los excedentes de lluvias de la regi\u00f3n y de las provincias lim\u00edtrofes hacia el r\u00edo Salado y hacia la cuenca de Paran\u00e1. El panorama no es alentador: las lluvias que se viene produciendo en la provincia y las que dej\u00f3 el fin de semana en Chaco, donde se registraron m\u00e1s de 300 mil\u00edmetros, complican la situaci\u00f3n.<\/p>\n<p>Para el presidente de la Sociedad Rural de Vera, este ya es un \u00aba\u00f1o perdido\u00bb con \u00abp\u00e9rdidas incalculables\u00bb<br \/>\n\u00abEsto es sumamente grave, estamos mal\u00bb, advirti\u00f3 a este medio Mario Saliva, presidente de la Sociedad Rural de Vera y vicepresidente de la Confederaci\u00f3n de Asociaciones Rurales de Santa Fe.<\/p>\n<p>Record\u00f3 que su zona ya pas\u00f3 \u00abvarias inundaciones\u00bb, pero a esta\u00a0la compara con la del \u00abNi\u00f1o\u00bb de\u00a01998\u00a0que dej\u00f3 graves consecuencias negativas en esa regi\u00f3n productiva.\u00a0\u00abEn el departamento Vera se dieron niveles muy altos de agua, que hoy tambi\u00e9n se est\u00e1n alcanzando.\u00a0Fue una cat\u00e1strofe con grandes p\u00e9rdidas\u00bb, sostuvo. Y si bien se\u00f1al\u00f3 que\u00a0\u00abninguna inundaci\u00f3n es igual, esta va a ser muy grave\u00bb.<\/p>\n<p>En este sentido Saliva insisti\u00f3 en que hay \u00abcentenares de miles de hect\u00e1reas que hoy est\u00e1n bajo agua; con el agravante que va a llegar m\u00e1s en estos d\u00edas desde Chaco\u00bb. Y manifest\u00f3 su preocupaci\u00f3n por los caminos troncales que podr\u00edan dejar incomunicadas a varias localidades rurales. \u00abDesde diciembre tenemos caminos intransitables, pero la\u00a0ruta 3 y 40\u00a0que son muy importantes hoy presentan amenazas de corte en puntos estrat\u00e9gicos\u00bb, explic\u00f3.<\/p>\n<p>Para el presidente de la Sociedad Rural de Vera, este ya es un \u00aba\u00f1o perdido\u00bb con \u00abp\u00e9rdidas incalculables\u00bb. Lejos quedaron las estimaciones de p\u00e9rdidas millonarias en la producci\u00f3n rural santafesina que algunas entidades calcularon en el mes de enero de este a\u00f1o cuando se decret\u00f3 la Emergencia.<\/p>\n<p><strong>Un viejo reclamo<\/strong><\/p>\n<p>Como representante de entidades agrarias y productor de la zona, Saliva volvi\u00f3 a hacer un viejo reclamo. \u00abUno percibe una gran desaz\u00f3n, porque estas son situaciones que se vienen repitiendo asiduamente y las obras que sabemos que hacen faltas no se hacen nunca.\u00a0Seguimos esperando el plan maestro de obras de los Bajos Submeridionales\u00a0que ser\u00edan la soluci\u00f3n para estos m\u00e1s de 3 millones de hect\u00e1reas que representan en la provincia\u00bb, denuncio.<\/p>\n<p>Para el referente rural\u00a0\u00abfalta decisi\u00f3n pol\u00edticas\u00bb\u00a0ya que \u00ablas p\u00e9rdidas econ\u00f3micas de una inundaci\u00f3n alcanzan y sobran para hacer las grandes obras que la zona necesita\u00bb. \u00abNecesitamos que se den cuenta que m\u00e1s all\u00e1 de la poblaci\u00f3n, de la concentraci\u00f3n de gente o no,\u00a0hay un recurso natural extraordinario, subexplotado y abandonado por las pol\u00edticas de Estado\u00bb, sentenci\u00f3.<\/p>\n<p>Por otra parte, las importantes precipitaciones que se registraron en las \u00faltimas horas en la regi\u00f3n centro de la provincia tambi\u00e9n complicaron las zonas rurales. Los productores de la cuenca lechera sufren as\u00ed el anegamiento de los caminos que complican el traslado de la producci\u00f3n. Varios fueron los videos que se compartieron en las redes sociales desde diferentes localidades del departamento Las Colonias, el m\u00e1s afectado por las malas condiciones clim\u00e1ticas del fin de semana.<\/p>\n<h6>Fuente: Uno<\/h6>\n","protected":false},"excerpt":{"rendered":"<p>Hace ya cinco meses que permanecen inundados. Para muchos este es \u201cun a\u00f1o perdido\u201d con da\u00f1os \u00abincalculables\u201d<\/p>\n","protected":false},"author":2,"featured_media":89888,"comment_status":"closed","ping_status":"closed","sticky":false,"template":"","format":"standard","meta":{"footnotes":""},"categories":[2],"tags":[10],"class_list":["post-89887","post","type-post","status-publish","format-standard","has-post-thumbnail","hentry","category-informe-municipal","tag-santa-fe"],"_links":{"self":[{"href":"http:\/\/argentinamunicipal.com.ar\/argentina\/wp-json\/wp\/v2\/posts\/89887","targetHints":{"allow":["GET"]}}],"collection":[{"href":"http:\/\/argentinamunicipal.com.ar\/argentina\/wp-json\/wp\/v2\/posts"}],"about":[{"href":"http:\/\/argentinamunicipal.com.ar\/argentina\/wp-json\/wp\/v2\/types\/post"}],"author":[{"embeddable":true,"href":"http:\/\/argentinamunicipal.com.ar\/argentina\/wp-json\/wp\/v2\/users\/2"}],"replies":[{"embeddable":true,"href":"http:\/\/argentinamunicipal.com.ar\/argentina\/wp-json\/wp\/v2\/comments?post=89887"}],"version-history":[{"count":0,"href":"http:\/\/argentinamunicipal.com.ar\/argentina\/wp-json\/wp\/v2\/posts\/89887\/revisions"}],"wp:featuredmedia":[{"embeddable":true,"href":"http:\/\/argentinamunicipal.com.ar\/argentina\/wp-json\/wp\/v2\/media\/89888"}],"wp:attachment":[{"href":"http:\/\/argentinamunicipal.com.ar\/argentina\/wp-json\/wp\/v2\/media?parent=89887"}],"wp:term":[{"taxonomy":"category","embeddable":true,"href":"http:\/\/argentinamunicipal.com.ar\/argentina\/wp-json\/wp\/v2\/categories?post=89887"},{"taxonomy":"post_tag","embeddable":true,"href":"http:\/\/argentinamunicipal.com.ar\/argentina\/wp-json\/wp\/v2\/tags?post=89887"}],"curies":[{"name":"wp","href":"https:\/\/api.w.org\/{rel}","templated":true}]}}