{"id":89905,"date":"2019-05-07T07:28:44","date_gmt":"2019-05-07T10:28:44","guid":{"rendered":"http:\/\/argentinamunicipal.com.ar\/argentina\/?p=89905"},"modified":"2019-05-07T07:28:44","modified_gmt":"2019-05-07T10:28:44","slug":"unas-20-personas-por-dia-son-echadas-del-trabajo-en-entre-rios","status":"publish","type":"post","link":"http:\/\/argentinamunicipal.com.ar\/argentina\/unas-20-personas-por-dia-son-echadas-del-trabajo-en-entre-rios\/","title":{"rendered":"Unas 20 personas por d\u00eda son echadas del trabajo en Entre R\u00edos\u00a0"},"content":{"rendered":"<p>En lo que va del a\u00f1o se acumulan casi 2000 despidos en el sector privado \u2022 Una estad\u00edstica de la Secretar\u00eda de Trabajo de la Provincia mostr\u00f3 que el Departamento Paran\u00e1 encabeza las cesant\u00edas, mientras que Concordia se ubica tercero<\/p>\n<p>M\u00e1s all\u00e1 de los discursos, est\u00e1n las realidades. Y cada d\u00eda m\u00e1s personas en todo el pa\u00eds se van sumando a la silenciosa masa de desocupados, excluidos de un mercado laboral cada vez m\u00e1s restringido, preocupante, incierto y desesperanzador.<\/p>\n<p>Un informe realizado por la Secretar\u00eda de Trabajo y Seguridad Social de la Provincia, al que accedi\u00f3 UNO, muestra que en lo que va del a\u00f1o ya se produjeron 1.819 despidos del sector privado. Equivale a decir que en cada d\u00eda h\u00e1bil de los \u00faltimos cuatros meses, unas 20 personas fueron informadas de su discontinuidad laboral en una determinada empresa.<\/p>\n<p>El sector m\u00e1s afectado result\u00f3 el comercio, con 620 cesant\u00edas confirmadas oficialmente; 345 la industria; 294 en la actividad de la construcci\u00f3n; 193 en el \u00e1rea de servicios; 164 en el \u00e1mbito rural; 138 en gastronom\u00eda; y 65 en el sector del transporte. Los n\u00fameros marcan solo una postal de la realidad, aunque son contundentes, m\u00e1s a\u00fan cuando esa estad\u00edstica no contempla aquellos que se acogieron a beneficios como retiros voluntarios.<\/p>\n<p>Entre las particularidades, el informe revela que el Departamento Paran\u00e1 es el m\u00e1s afectado por los despidos que fueron notificados a Trabajo: fueron 1.007 en lo que va de 2019. En el comercio se produjeron 352 cesant\u00edas; 251 en la construcci\u00f3n; 132 en la gastronom\u00eda; 130 en la industria; 90 en el \u00e1rea de servicios; 42 en el transporte; y 10 en el \u00e1mbito rural. Mucho m\u00e1s atr\u00e1s le sigui\u00f3 Federaci\u00f3n con 156, donde s\u00f3lo en la industria (regi\u00f3n de desarrollo forestal y citr\u00edcola) fueron 94. Tercero qued\u00f3 el Departamento Concordia (122); all\u00ed el achicamiento se not\u00f3 m\u00e1s en el comercio (48 despidos) y en el sector rural (28). Cuarto qued\u00f3 Gualeguay con 96.<\/p>\n<p>\u2022 <strong>Otros departamentos<\/strong><\/p>\n<p>En el resto de los departamentos se constataron las siguientes cifras: Gualeguaych\u00fa (74 despidos); Nogoy\u00e1 71; La Paz 43 \u2013en los \u00faltimos dos casos, la mayor\u00eda de comercio y rural\u2013; Victoria y Villaguay 38; San Salvador 37; Feliciano 28; Islas de Ibicuy 27; Departamento Tala 23; Diamante 20; Federal 18; Col\u00f3n y Uruguay 8; y San Jos\u00e9 5. Por rubros, en el total provincial, en los primeros cuatro meses del a\u00f1o se produjeron 620 despidos en el sector comercial; 345 en la industria; 294 en el rubro de la construcci\u00f3n; 193 en servicios; 138 en gastronom\u00eda; 164 en el sector rural; y 65 en transporte.<\/p>\n<p>1.819 Los despidos registrados en territorio entrerriano, notificados en la Secretar\u00eda de Trabajo.<\/p>\n<p>620 Cesant\u00edas correspondieron al sector comercial; le siguieron industria con 345 y construcci\u00f3n, con 294.<\/p>\n<p>130.000 Los puestos de trabajos en el sector privado registrados en la provincia correspondientes a asalariados.<\/p>\n<p>\u2022 <strong>Evaluaci\u00f3n<\/strong><\/p>\n<p>El titular de la cartera laboral provincial, Fernando Quinodoz, explic\u00f3 a UNO que hay m\u00e1s casos de desvinculaciones laborales que no son testimoniadas en la Secretar\u00eda, y en parte podr\u00eda comprenderse la cifra m\u00e1s alta en el Departamento Paran\u00e1 respecto de otras jurisdicciones. Aunque el funcionario tambi\u00e9n aclar\u00f3 que el n\u00famero de despidos registrados no equivale a decir que es la cantidad exacta de p\u00e9rdidas de puestos de trabajo, ya que hay casos que se dan por reemplazos o salidas de trabajadores que tomaron un nuevo empleo.<\/p>\n<p>La generaci\u00f3n de nuevos empleos, se sabe, es muy baja; de todos modos, la repartici\u00f3n provincial no registra las nuevas altas, que est\u00e1n bajo la \u00f3rbita de la Administraci\u00f3n Federal de Ingresos P\u00fablicos (AFIP). En ese sentido, el achicamiento del mercado laboral est\u00e1 demostrado en el \u00faltimo reporte del trabajo registrado elaborado por el Ministerio de Producci\u00f3n y Trabajo de la Naci\u00f3n en base al Sistema Integrado de Previsi\u00f3n Argentino (SIPA) y a la Encuesta de Indicadores Laborales. En el \u00faltimo estudio de ese relevamiento de car\u00e1cter mensual \u2013difundido hace pocos d\u00edas\u2013 se constat\u00f3 que en la provincia se perdieron en un a\u00f1o 5.100 puestos de trabajo privado registrados, y en el pa\u00eds fueron 252.500.<\/p>\n<p>Actualmente la masa de personas con empleos formales en territorio entrerriano se sit\u00faa en 130.000 asalariados, tras haber alcanzado marcas de m\u00e1s de 137.000 hasta hace poco m\u00e1s de dos a\u00f1os. Casi que fue una sangr\u00eda de despidos, lenta, silenciosa y progresiva.<\/p>\n<p>\u2022 <strong>Reporte nacional<\/strong><\/p>\n<p>En el pa\u00eds, hasta febrero la cartera laboral nacional contabiliz\u00f3 12.092.100 trabajadores registrados; 252.500 menos que un a\u00f1o atr\u00e1s (-2% en un a\u00f1o), y 3.800 menos que en febrero de 2017 (0%). En el sector privado, en febrero de 2019 hubo 178.300 trabajadores registrados menos que en febrero de 2018 (-2%).<\/p>\n<p>Las bajas \u2013seg\u00fan el informe\u2013 revelan que los despidos se dieron en todos los estratos de tama\u00f1o de empresas: entre 10 y 49 trabajadores, el corte de puestos fue del 2,7%; en aquellas con un plantel entre 50 y 199, del 2,1%; y en las de 200 trabajadores y m\u00e1s, se achic\u00f3 un 2,4%. Dentro del sector privado, en febrero de 2019 se redujeron tanto los asalariados registrados (-159.400), como los trabajadores independientes en su conjunto (-36.300 trabajadores) con respecto a febrero 2018.<\/p>\n<h6>Fuente: APFDigital<\/h6>\n","protected":false},"excerpt":{"rendered":"<p>En lo que va del a\u00f1o se acumulan casi 2000 despidos en el sector privado <\/p>\n","protected":false},"author":2,"featured_media":89906,"comment_status":"closed","ping_status":"closed","sticky":false,"template":"","format":"standard","meta":{"footnotes":""},"categories":[2],"tags":[17],"class_list":["post-89905","post","type-post","status-publish","format-standard","has-post-thumbnail","hentry","category-informe-municipal","tag-entre-rios"],"_links":{"self":[{"href":"http:\/\/argentinamunicipal.com.ar\/argentina\/wp-json\/wp\/v2\/posts\/89905","targetHints":{"allow":["GET"]}}],"collection":[{"href":"http:\/\/argentinamunicipal.com.ar\/argentina\/wp-json\/wp\/v2\/posts"}],"about":[{"href":"http:\/\/argentinamunicipal.com.ar\/argentina\/wp-json\/wp\/v2\/types\/post"}],"author":[{"embeddable":true,"href":"http:\/\/argentinamunicipal.com.ar\/argentina\/wp-json\/wp\/v2\/users\/2"}],"replies":[{"embeddable":true,"href":"http:\/\/argentinamunicipal.com.ar\/argentina\/wp-json\/wp\/v2\/comments?post=89905"}],"version-history":[{"count":0,"href":"http:\/\/argentinamunicipal.com.ar\/argentina\/wp-json\/wp\/v2\/posts\/89905\/revisions"}],"wp:featuredmedia":[{"embeddable":true,"href":"http:\/\/argentinamunicipal.com.ar\/argentina\/wp-json\/wp\/v2\/media\/89906"}],"wp:attachment":[{"href":"http:\/\/argentinamunicipal.com.ar\/argentina\/wp-json\/wp\/v2\/media?parent=89905"}],"wp:term":[{"taxonomy":"category","embeddable":true,"href":"http:\/\/argentinamunicipal.com.ar\/argentina\/wp-json\/wp\/v2\/categories?post=89905"},{"taxonomy":"post_tag","embeddable":true,"href":"http:\/\/argentinamunicipal.com.ar\/argentina\/wp-json\/wp\/v2\/tags?post=89905"}],"curies":[{"name":"wp","href":"https:\/\/api.w.org\/{rel}","templated":true}]}}