{"id":90075,"date":"2019-05-13T07:23:42","date_gmt":"2019-05-13T10:23:42","guid":{"rendered":"http:\/\/argentinamunicipal.com.ar\/argentina\/?p=90075"},"modified":"2019-05-13T07:23:42","modified_gmt":"2019-05-13T10:23:42","slug":"europa-cambiara-tras-las-elecciones","status":"publish","type":"post","link":"http:\/\/argentinamunicipal.com.ar\/argentina\/europa-cambiara-tras-las-elecciones\/","title":{"rendered":"Europa cambiar\u00e1 tras las elecciones"},"content":{"rendered":"<p>Terrorismo, migraci\u00f3n, Brexit: los hechos vividos en los \u00faltimos cinco a\u00f1os influyen en la necesidad de una transformaci\u00f3n de la Uni\u00f3n Europea.<\/p>\n<p>La Uni\u00f3n Europea debe cambiar. Esta es una de las banderas principales, levantadas tanto por la derecha como por el centro derecha y los progresistas, en la campa\u00f1a electoral de las pr\u00f3ximas elecciones europeas del 26 de mayo. Pero claramente en lo que hay que cambiar y c\u00f3mo hacerlo, no est\u00e1n de acuerdo. Los hecho vividos en los \u00faltimos cinco a\u00f1os, es decir, desde las \u00faltimas elecciones europeas de 2014, han influido seguramente en esta necesidad de cambio. Se habla del terrorismo en primer lugar \u00a0 \u00a0 \u2013por los atentados en B\u00e9lgica, Francia, Alemania, Inglaterra, Suecia, Espa\u00f1a y Finlandia\u2013, pero tambi\u00e9n de las migraciones (casi dos millones de migrantes llegados a Europa entre 2014 y lo que va del 2019, seg\u00fan la ONU) y el Brexit, es decir la discutida salida de Gran Breta\u00f1a de la Uni\u00f3n Europea que todav\u00eda no se ha concretado pero ha causado ya no poca inestabilidad.<\/p>\n<p>Para el derechista ministro del Interior y viceprimer ministro italiano, Matteo Salvini, el tema migratorio es fundamental como tambi\u00e9n lo es para sus colegas de Austria, Hungr\u00eda y Polonia, que lo consideran uno de los principales males de estos tiempos. Pero el partido de Salvini, La Liga, tambi\u00e9n brega por cambiar reglas que han perjudicado a pa\u00edses como Italia, referidas a los bancos, la econom\u00eda y el trabajo.<\/p>\n<p>El Movimiento Cinco Estrellas (M5S) que tambi\u00e9n forma parte del gobierno, coincide con Salvini en materia migratoria, pidiendo una redistribuci\u00f3n de los migrantes en Europa, pero tambi\u00e9n dice NO a la austeridad impuesta por Europa a algunos pa\u00edses, a los para\u00edsos fiscales y a los privilegios y pide un salario m\u00ednimo europeo, como hacen algunos partidos de centroizquierda.<\/p>\n<p>La ultraderecha de Fratelli d\u2019Italia, por boca de su candidato el \u00edtalo-argentino y bisnieto del dictador Benito Mussolini, Cayo Julio C\u00e9sar Mussolini, dice no estar \u201ccontra las migraciones\u201d sino \u201ccontra la invasi\u00f3n\u201d de los migrantes. Y dirigi\u00e9ndose siempre sobre el tema migrantes contra otro argentino, el papa Francisco, lo invita a no interferir en \u201ccuestiones internas de un pa\u00eds soberano\u201d como Italia y a abrir las puertas del Vaticano \u201cque est\u00e1n muy bien cerradas y protegidas por altos muros\u201d para recibir a los migrantes.<\/p>\n<p>Mussolini, cuya madre es argentina, naci\u00f3 en Argentina en 1968 donde su familia se hab\u00eda refugiado despu\u00e9s de la Segunda Guerra Mundial y tiene pasaporte argentino. Militar de la marina italiana de larga data, Mussolini despu\u00e9s pas\u00f3 a trabajar en varios pa\u00edses como representante de la f\u00e1brica de armas italiana Oto Melara. Si es elegido, espera poder entrar nada menos que en la Subcomisi\u00f3n de la Defensa del Parlamento Europeo, lo que en algunos pa\u00edses podr\u00eda ser impedido por existir \u201cconflicto de intereses\u201d dada su relaci\u00f3n con un fabricante de armas. Seg\u00fan \u00e9l, la primera cosa por hacer en el Parlamento Europeo es reducir sus gastos y su burocracia, eliminando una de sus dos grandes sedes en Europa (Estrasburgo y Bruselas).<\/p>\n<p>Para los sectores de centro derecha, como Forza Italia, el partido fundado por Silvio Berlusconi que hoy, a los 82 a\u00f1os, se presenta de nuevo como candidato, \u201cEuropa debe ser cambiada pero no destru\u00edda\u201d, explic\u00f3 el actual presidente del parlamento Europeo, Antonio Tajani, exponente de Forza Italia, porque \u201cs\u00f3lo una Europa unida puede contener los avances de Usa, China y Rusia\u201d.<\/p>\n<p>Seg\u00fan los partidos progresistas como el Partido Democr\u00e1tico se trata de hacer cambios en Europa que permitan crear una suerte de \u201cgobierno econ\u00f3mico europeo\u201d que corrija los desequilibrios entre los distintos pa\u00edses, y que incentive el trabajo, creando entre otras cosas, una asignaci\u00f3n europea de desocupaci\u00f3n y un salario m\u00ednimo com\u00fan, y poniendo en acto un importante plan de inversiones. Sobre el tema inmigraci\u00f3n, es necesario seg\u00fan el PD, reformar el convenio de Dubl\u00edn, un acuerdo sobre temas migratorios firmado en 1990 pero que entr\u00f3 en vigor reci\u00e9n a partir de 1997. Este acuerdo es uno de los puntos m\u00e1s \u00e1lgidos de la discusi\u00f3n en Europa, sobre todo por los pa\u00edses anti-inmigrantes y pese a que, seg\u00fan los expertos, un conjunto de estados con baja tasa de natalidad como Europa, necesitar\u00e1 millones de inmigrantes en los pr\u00f3ximos a\u00f1os para aumentar su producci\u00f3n y pagar sus jubilaciones.<\/p>\n<p>A mediados de 2018, Italia comenz\u00f3 a rechazar a los barcos que recog\u00edan a migrantes en el mar Mediterr\u00e1neo y cerr\u00f3 sus puertos por orden del ministro Salvini que quer\u00eda obligar a otros pa\u00edses europeos a recibirlos. En vez de buscar un acuerdo de desembarco regional para garantizar un sistema justo y compartir la responsabilidad entre los pa\u00edses de la UE, los l\u00edderes europeos se centraron en crear las llamadas plataformas de desembarque fuera de la UE y llevar all\u00ed a las personas rescatadas y procesar en esos lugares sus solicitudes de asilo. Italia y la UE hicieron acuerdos con Libia para que la guardia costera de ese pa\u00eds detuviera a los barcos con migrantes y se los llevara de vuelta. Pero con la guerra actual en Libia \u2013el pa\u00eds desde donde part\u00eda la mayor\u00eda de los migrantes africanos dirigidos a Europa\u2013 y despu\u00e9s de las denuncias de organismos de derechos humanos contra muchos militares y civiles implicados en el tr\u00e1fico de seres humanos, las cosas empezaron a tambalear.<\/p>\n<p>De las elecciones \u2013que no en todos los pa\u00edses europeos se realizan el mismo d\u00eda sino que var\u00edan entre el 23 y el 26 de mayo\u2013 unos 400 millones de personas mayores de 18 a\u00f1os, podr\u00e1n votar. Pero hasta ahora, no toda la gente tiene las ideas claras. Italia tiene derecho de elegir 73 parlamentarios sobre un total de 751.<\/p>\n<p>Seg\u00fan algunas previsiones realizadas por la empresa Quorum-You Trend y publicadas por la TV Sky, en el \u00faltimo mes Salvini habr\u00eda perdido un punto de ventaja, pasando del 33,2 de los electores que pensaban votarlo en abril, al 32,1% en mayo. El M5S se habr\u00eda mantenido consiguiendo en abril y en mayo el 22,3 y 22,2%. El centroizquierda del PD y su aliado \u201cSomos Europeos\u201d habr\u00eda pasado del 21,1% en abril al 21,4% en mayo y Fratelli d\u2019Italia del 5,2% al 5,3% mientras Berlusconi habr\u00eda perdido algunos puntos, pasando del 9,9% al 9,5%. Pero estas son s\u00f3lo previsiones que, dependiendo de c\u00f3mo hayan sido hechas las encuestas, pueden ser realmente significativas o no.<\/p>\n<p>El otro tema son las alianzas que cada partido har\u00e1 dentro del Parlamento Europeo, lo que podr\u00eda dar m\u00e1s o menos fuerza a sus propuestas de cambio. Salvini, de su parte, espera poder aliarse con los partidos de derecha alemanes, holandeses, de Hungr\u00eda y Austria, as\u00ed como Vox de Espa\u00f1a, Marine Le Pen de Francia, y Nigel Farage del Reino Unido, entre otros, que seg\u00fan algunas previsiones podr\u00eda obtener buenos resultados. Pero el panorama en este sentido se ver\u00e1 claro despu\u00e9s de las elecciones.<\/p>\n<h6>Fuente: P\u00e1gina 12<\/h6>\n","protected":false},"excerpt":{"rendered":"<p>Terrorismo, migraci\u00f3n, Brexit: los hechos vividos en los \u00faltimos cinco a\u00f1os influyen en la necesidad de una transformaci\u00f3n de la Uni\u00f3n Europea.<\/p>\n","protected":false},"author":2,"featured_media":90076,"comment_status":"closed","ping_status":"closed","sticky":false,"template":"","format":"standard","meta":{"footnotes":""},"categories":[22],"tags":[57],"class_list":["post-90075","post","type-post","status-publish","format-standard","has-post-thumbnail","hentry","category-el-mundo","tag-el-mundo"],"_links":{"self":[{"href":"http:\/\/argentinamunicipal.com.ar\/argentina\/wp-json\/wp\/v2\/posts\/90075","targetHints":{"allow":["GET"]}}],"collection":[{"href":"http:\/\/argentinamunicipal.com.ar\/argentina\/wp-json\/wp\/v2\/posts"}],"about":[{"href":"http:\/\/argentinamunicipal.com.ar\/argentina\/wp-json\/wp\/v2\/types\/post"}],"author":[{"embeddable":true,"href":"http:\/\/argentinamunicipal.com.ar\/argentina\/wp-json\/wp\/v2\/users\/2"}],"replies":[{"embeddable":true,"href":"http:\/\/argentinamunicipal.com.ar\/argentina\/wp-json\/wp\/v2\/comments?post=90075"}],"version-history":[{"count":0,"href":"http:\/\/argentinamunicipal.com.ar\/argentina\/wp-json\/wp\/v2\/posts\/90075\/revisions"}],"wp:featuredmedia":[{"embeddable":true,"href":"http:\/\/argentinamunicipal.com.ar\/argentina\/wp-json\/wp\/v2\/media\/90076"}],"wp:attachment":[{"href":"http:\/\/argentinamunicipal.com.ar\/argentina\/wp-json\/wp\/v2\/media?parent=90075"}],"wp:term":[{"taxonomy":"category","embeddable":true,"href":"http:\/\/argentinamunicipal.com.ar\/argentina\/wp-json\/wp\/v2\/categories?post=90075"},{"taxonomy":"post_tag","embeddable":true,"href":"http:\/\/argentinamunicipal.com.ar\/argentina\/wp-json\/wp\/v2\/tags?post=90075"}],"curies":[{"name":"wp","href":"https:\/\/api.w.org\/{rel}","templated":true}]}}