{"id":902,"date":"2014-02-13T15:27:35","date_gmt":"2014-02-13T18:27:35","guid":{"rendered":"http:\/\/argentinamunicipal.com.ar\/argentina\/?p=902"},"modified":"2014-02-13T15:27:35","modified_gmt":"2014-02-13T18:27:35","slug":"jesus-maria-20-de-adultos-mayores-sin-cobertura","status":"publish","type":"post","link":"http:\/\/argentinamunicipal.com.ar\/argentina\/jesus-maria-20-de-adultos-mayores-sin-cobertura\/","title":{"rendered":"Jes\u00fas Mar\u00eda: 20% de adultos mayores sin cobertura"},"content":{"rendered":"<p><a href=\"http:\/\/argentinamunicipal.com.ar\/argentina\/wp-content\/uploads\/2014\/02\/POBLACION-VULNERABLE-007.jpg\"><img loading=\"lazy\" decoding=\"async\" class=\"alignright  wp-image-903\" alt=\"POBLACION VULNERABLE 007\" src=\"http:\/\/argentinamunicipal.com.ar\/argentina\/wp-content\/uploads\/2014\/02\/POBLACION-VULNERABLE-007.jpg\" width=\"461\" height=\"346\" srcset=\"http:\/\/argentinamunicipal.com.ar\/argentina\/wp-content\/uploads\/2014\/02\/POBLACION-VULNERABLE-007.jpg 1600w, http:\/\/argentinamunicipal.com.ar\/argentina\/wp-content\/uploads\/2014\/02\/POBLACION-VULNERABLE-007-300x225.jpg 300w, http:\/\/argentinamunicipal.com.ar\/argentina\/wp-content\/uploads\/2014\/02\/POBLACION-VULNERABLE-007-1024x768.jpg 1024w\" sizes=\"auto, (max-width: 461px) 100vw, 461px\" \/><\/a>El 20% de los adultos mayores de esta ciudad vive solo y carece de una cobertura de salud adecuada para los problemas sanitarios propios de la edad.<\/p>\n<p>Esta dato surgi\u00f3 de un relevamiento descriptivo de la situaci\u00f3n socio-sanitaria y del nivel de dependencia que caracteriza a quienes integran esta franja et\u00e1rea en Jes\u00fas Mar\u00eda.<\/p>\n<p>El trabajo de campo fue realizado por el municipio junto con la C\u00e1tedra de Medicina Social y Preventiva I de la Facultad de Ciencias M\u00e9dicas de la UNC.<br \/>\nEl dato central del estudio es que dos de cada diez adultos mayores contin\u00faan trabajando pese a su edad (y se presume que muchos lo hacen en condici\u00f3n precaria), viven solos y con poco contacto con su n\u00facleo familiar, no son propietarios (alquilan) y carecen de cobertura sanitaria.<\/p>\n<p>El relevamiento se realiz\u00f3 en setiembre \u00faltimo, focalizado en 151 casos, en barrio Armada Nacional, y los geri\u00e1tricos y consultorios para adultos p\u00fablicos y privados de la zona.<\/p>\n<p>A partir de este diagn\u00f3stico inicial, el intendente Gabriel Frizza adelant\u00f3 que el municipio desarrollar\u00e1 acciones de corto y mediano plazo para mejorar la situaci\u00f3n de esos adultos mayores. La tarea ser\u00e1 conjunta entre la subsecretaria de Desarrollo Humano, Yanina Aguirre; el director de Salud, Diego Almada; y la responsable del \u00e1rea de Adultos Mayores, Anah\u00ed Bulacio.<\/p>\n<p>\u201cVamos a intentar acercarnos a esos adultos e ir a buscarlos a sus domicilios para tratar de integrarlos, que se acerquen a los centros de salud y gestionarles beneficios sociales que en algunos casos hasta ellos mismos ignoran que les corresponden, como es el caso de pensiones y coberturas de salud\u201d, grafic\u00f3 el intendente, junto a sus colaboradores.<\/p>\n<p>En este sentido, precis\u00f3 que se intentar\u00e1 trabajar \u201cen conjunto\u201d con entidades intermedias vinculadas a los adultos mayores, que ya tienen llegada espec\u00edfica a ese universo de personas.<\/p>\n<pre>Fuente: La Ma\u00f1ana de C\u00f3rdoba<\/pre>\n","protected":false},"excerpt":{"rendered":"<p>El 20% de los adultos mayores de esta ciudad vive solo y carece de una cobertura de salud adecuada para los problemas sanitarios propios de la edad. Esta dato surgi\u00f3 de un relevamiento descriptivo de la situaci\u00f3n socio-sanitaria y del nivel de dependencia que caracteriza a quienes integran esta franja et\u00e1rea en Jes\u00fas Mar\u00eda. El<\/p>\n","protected":false},"author":1,"featured_media":903,"comment_status":"closed","ping_status":"closed","sticky":false,"template":"","format":"standard","meta":{"footnotes":""},"categories":[2],"tags":[3],"class_list":["post-902","post","type-post","status-publish","format-standard","has-post-thumbnail","hentry","category-informe-municipal","tag-cordoba"],"_links":{"self":[{"href":"http:\/\/argentinamunicipal.com.ar\/argentina\/wp-json\/wp\/v2\/posts\/902","targetHints":{"allow":["GET"]}}],"collection":[{"href":"http:\/\/argentinamunicipal.com.ar\/argentina\/wp-json\/wp\/v2\/posts"}],"about":[{"href":"http:\/\/argentinamunicipal.com.ar\/argentina\/wp-json\/wp\/v2\/types\/post"}],"author":[{"embeddable":true,"href":"http:\/\/argentinamunicipal.com.ar\/argentina\/wp-json\/wp\/v2\/users\/1"}],"replies":[{"embeddable":true,"href":"http:\/\/argentinamunicipal.com.ar\/argentina\/wp-json\/wp\/v2\/comments?post=902"}],"version-history":[{"count":0,"href":"http:\/\/argentinamunicipal.com.ar\/argentina\/wp-json\/wp\/v2\/posts\/902\/revisions"}],"wp:featuredmedia":[{"embeddable":true,"href":"http:\/\/argentinamunicipal.com.ar\/argentina\/wp-json\/wp\/v2\/media\/903"}],"wp:attachment":[{"href":"http:\/\/argentinamunicipal.com.ar\/argentina\/wp-json\/wp\/v2\/media?parent=902"}],"wp:term":[{"taxonomy":"category","embeddable":true,"href":"http:\/\/argentinamunicipal.com.ar\/argentina\/wp-json\/wp\/v2\/categories?post=902"},{"taxonomy":"post_tag","embeddable":true,"href":"http:\/\/argentinamunicipal.com.ar\/argentina\/wp-json\/wp\/v2\/tags?post=902"}],"curies":[{"name":"wp","href":"https:\/\/api.w.org\/{rel}","templated":true}]}}