{"id":90410,"date":"2019-05-21T05:32:54","date_gmt":"2019-05-21T08:32:54","guid":{"rendered":"http:\/\/argentinamunicipal.com.ar\/argentina\/?p=90410"},"modified":"2019-05-21T07:36:20","modified_gmt":"2019-05-21T10:36:20","slug":"vuelven-los-arreglos-zapateros-y-modistas-oficios-que-resurgen-con-la-crisis","status":"publish","type":"post","link":"http:\/\/argentinamunicipal.com.ar\/argentina\/vuelven-los-arreglos-zapateros-y-modistas-oficios-que-resurgen-con-la-crisis\/","title":{"rendered":"Vuelven los arreglos: zapateros y modistas, oficios que resurgen con la crisis"},"content":{"rendered":"<p>Muchos mendocinos buscan \u201cestirar\u201d lo que tienen para que les sirva para la pr\u00f3xima temporada.<\/p>\n<p>Con la llegada de los primeros fr\u00edos Mirta (52) se dispuso a ordenar su placard y reacomodar la ropa de invierno. En ese momento la docente se encontr\u00f3 con un pantal\u00f3n con el cierre roto, una campera con el forro zafado y unas botas bajas un tanto arruinadas por el uso. Pero lejos de elegir descartarlas o regalarlas, se dispuso a llevarlas a reparar y as\u00ed evitar comprar todo nuevo.<\/p>\n<p>Se trata de una estrategia m\u00e1s para hacerle frente a la crisis, cada vez m\u00e1s frecuente entre los mendocinos. De hecho, en las casas que se dedican a realizar distintos tipos de arreglos han notado el incremento de la clientela e incluso algunas no dan abasto con los pedidos. Las \u00e9pocas donde la soluci\u00f3n era tirar y reponer quedaron atr\u00e1s y por los precios muchos eligen \u201cestirar\u201d cada vez m\u00e1s la duraci\u00f3n de prendas y calzados.<\/p>\n<p>En la zapater\u00eda Don Carlos, ubicada sobre calle Rioja, los clientes se agolpan en el mostrador esperando el turno para hacer sus encargos. \u201cDurante el cambio de temporada los pedidos suben m\u00e1s porque la gente necesita arreglar antes de salir a comprar\u201d, comenz\u00f3 a explicar Cristian desde all\u00ed. Se\u00f1al\u00f3 que haciendo ciertos<br \/>\narreglos los clientes pueden ahorrar grandes cantidades de dinero. \u201cPor ejemplo, un cambio de suela completo est\u00e1 en $700 y $800 cuando un zapato nuevo no baja de $2.000 o $3000\u201d, destac\u00f3. Record\u00f3 que durante los 90\u00b4se populariz\u00f3 la costumbre de tirar lo que ten\u00eda alguna rotura, pero que desde entonces ha ido cambiando la situaci\u00f3n. \u201cHoy se recupera todo, hasta las carteras, los bolsos y las mochilas que tienen alg\u00fan agujerito, la gente no est\u00e1 como para tirar\u201d.<\/p>\n<p>\u201cHan subido mucho los insumos y la mano de obra cada vez se cobra menos\u201d, se lament\u00f3. Otra tendencia que ha notado, son trabajos para evitar la rotura prematura de los calzados. \u201cSe le coloca media suela de goma al zapato caro para que dure m\u00e1s, antes era m\u00e1s frecuente en las mujeres, pero ahora tambi\u00e9n lo piden los hombres\u201d, coment\u00f3.<\/p>\n<p>Por su parte Hugo \u201cPolito\u201d Cipolla, due\u00f1o de un taller de calzados de Luj\u00e1n, reconoci\u00f3 un incremento en su trabajo, pero precis\u00f3 que en su caso ha sido leve. Se mostr\u00f3 preocupado por aquellos a los que no les alcanza para pagar los arreglos. \u201cLo que ha crecido mucho es el arreglo de zapatillas, lo que no sorprende porque es lo que m\u00e1s usa la gente y no s\u00f3lo en invierno, sino durante todo el a\u00f1o\u201d.<\/p>\n<p><strong>Parches y costuras<\/strong><br \/>\nCon m\u00e1quinas de coser colocadas al final del negocio,\u00a0en La Casa de la Modista no dan abasto con la cantidad de pedidos que han recibido en las \u00faltimas semanas.<\/p>\n<p>\u201cSe ha incrementado much\u00edsimo lo que son los arreglos en general, de broches, cambio de cierres , entre otros\u201d, enumer\u00f3 Vivian Rodr\u00edguez desde el local que tiene 70 a\u00f1os en la provincia. Seg\u00fan su experiencia, actualmente se \u201carregla todo\u201d: \u201cSi compar\u00e1s con comprar algo nuevo es muy conveniente, un cambio de cierre de un jean puede llegar a costar hasta $250 cuando uno nuevo est\u00e1 en los $3.000\u201d, dijo.<\/p>\n<p>All\u00ed tambi\u00e9n comercializan productos de mercer\u00eda y han notado mucha salida de apliques para colocar en piquetes y as\u00ed alagar la vida \u00fatil de las prendas.<\/p>\n<p>En Confecciones Amalia, local ubicado en una galer\u00eda sobre calle Las Heras, tambi\u00e9n tienen gran cantidad de pedidos para trabajar. \u201cTenemos tantos clientes que no nos hace falta poner avisos\u201d, cont\u00f3 Amalia quien lleva m\u00e1s de 50 a\u00f1os en el rubro. Es que hasta all\u00ed llegan tanto aquellos que quieren cambiar cierres y realizar diversos arreglos, como los que han comprado ropa en el exterior a precios bajos y necesitan que se la adapten a sus medidas.<\/p>\n<p><strong>En primera persona<\/strong><br \/>\nMirta (52) aprovech\u00f3 su ma\u00f1ana libre para llevar las prendas que sac\u00f3 de su placard distintos talleres del centro para hacerles arreglos.\u00a0\u201cEstuve averiguando cu\u00e1nto salen unas botas nuevas y prefiero estirar las que tengo, igual que la campera\u201d, relat\u00f3. Asimismo adelant\u00f3 que intentar\u00e1 comprar cuando se est\u00e9 por terminar la temporada para ver si encuentra precios m\u00e1s accesibles.<\/p>\n<p>Con un par de botas de taco, Vivian lleg\u00f3 ayer la zapater\u00eda Plazoleta. \u201cLa verdad es que est\u00e1 todo muy caro, entiendo que los negocios tienen que pagar un mont\u00f3n por impuestos y servicios, pero si tuvieran un precio m\u00e1s accesible vender\u00edan m\u00e1s\u201d, expuso a la vez que asegur\u00f3 haber visto botas entre $4.000 y $5.000.\u00a0\u201cMe parece una barbaridad, por eso le traje a arreglar estas botas para mi hija\u201d, coment\u00f3.<\/p>\n<p>En el mismo sentido se manifest\u00f3 Edgardo (48) quien le llev\u00f3 a la modista un pantal\u00f3n para emparchar. \u201cEstuve dudando si regalarlo y comprarme uno nuevo, pero prefiero que me dure una temporada m\u00e1s y ver si la cosa mejora\u201d, desliz\u00f3 con notable pesar.<\/p>\n<p><strong>Fabricaci\u00f3n propia\u00a0<\/strong><br \/>\nOtra tendencia que hace tiempo acompa\u00f1a a la crisis\u00a0es la confecci\u00f3n propia de prendas de vestir.\u00a0As\u00ed\u00a0en los negocios de telas y lanas, ya han comenzado a ver el incremento de ventas para la temporada oto\u00f1o-invierno.\u00a0\u201cViene mucha gente a buscar lana, porque entre hacerse un pullover y comprarlo hecho es mucho m\u00e1s barata la primera opci\u00f3n\u201d,\u00a0coment\u00f3 Alejandra, empleada de Tualana. Detall\u00f3 que los 100 gramos de lana cuestan $58 y que para tejer un sweater est\u00e1ndar el promedio son 700 gramos, es decir que habr\u00eda que gastar alrededor de $400. Desde all\u00ed tambi\u00e9n indicaron que es una actividad que de por s\u00ed se mueve con la crisis. \u201cPorque tambi\u00e9n es una buena salida laboral para mucha gente que puede tejer y vender desde su casa\u201d, remarc\u00f3.<\/p>\n<p>En la casa Do\u00f1a Tela tambi\u00e9n se hace visible una gran afluencia de mendocinos.\u00a0\u201cSe han incrementado las ventas porque la gente prefiere confeccionar algo propio que pagar una locura\u201d, apunt\u00f3 Eduardo desde la caja del local. \u00c9l detall\u00f3 que lo que m\u00e1s est\u00e1 saliendo por estos d\u00edas es el polar y la tela de jogging con la que se elabora indumentaria escolar de abrigo.\u00a0\u201cEl metro de tela de polar est\u00e1 en $270 liso y $290 estampado y con un 1,10 te sale una campera\u201d, precis\u00f3.<\/p>\n<h6>Fuente: Los andes<\/h6>\n","protected":false},"excerpt":{"rendered":"<p>Muchos mendocinos buscan \u201cestirar\u201d lo que tienen para que les sirva para la pr\u00f3xima temporada.<\/p>\n","protected":false},"author":2,"featured_media":90411,"comment_status":"closed","ping_status":"closed","sticky":false,"template":"","format":"standard","meta":{"footnotes":""},"categories":[2],"tags":[31],"class_list":["post-90410","post","type-post","status-publish","format-standard","has-post-thumbnail","hentry","category-informe-municipal","tag-mendoza"],"_links":{"self":[{"href":"http:\/\/argentinamunicipal.com.ar\/argentina\/wp-json\/wp\/v2\/posts\/90410","targetHints":{"allow":["GET"]}}],"collection":[{"href":"http:\/\/argentinamunicipal.com.ar\/argentina\/wp-json\/wp\/v2\/posts"}],"about":[{"href":"http:\/\/argentinamunicipal.com.ar\/argentina\/wp-json\/wp\/v2\/types\/post"}],"author":[{"embeddable":true,"href":"http:\/\/argentinamunicipal.com.ar\/argentina\/wp-json\/wp\/v2\/users\/2"}],"replies":[{"embeddable":true,"href":"http:\/\/argentinamunicipal.com.ar\/argentina\/wp-json\/wp\/v2\/comments?post=90410"}],"version-history":[{"count":0,"href":"http:\/\/argentinamunicipal.com.ar\/argentina\/wp-json\/wp\/v2\/posts\/90410\/revisions"}],"wp:featuredmedia":[{"embeddable":true,"href":"http:\/\/argentinamunicipal.com.ar\/argentina\/wp-json\/wp\/v2\/media\/90411"}],"wp:attachment":[{"href":"http:\/\/argentinamunicipal.com.ar\/argentina\/wp-json\/wp\/v2\/media?parent=90410"}],"wp:term":[{"taxonomy":"category","embeddable":true,"href":"http:\/\/argentinamunicipal.com.ar\/argentina\/wp-json\/wp\/v2\/categories?post=90410"},{"taxonomy":"post_tag","embeddable":true,"href":"http:\/\/argentinamunicipal.com.ar\/argentina\/wp-json\/wp\/v2\/tags?post=90410"}],"curies":[{"name":"wp","href":"https:\/\/api.w.org\/{rel}","templated":true}]}}