{"id":90413,"date":"2019-05-21T04:38:33","date_gmt":"2019-05-21T07:38:33","guid":{"rendered":"http:\/\/argentinamunicipal.com.ar\/argentina\/?p=90413"},"modified":"2019-05-21T07:41:53","modified_gmt":"2019-05-21T10:41:53","slug":"jujuy-localidad-el-angosto-sera-desde-hoy-pueblo-solar","status":"publish","type":"post","link":"http:\/\/argentinamunicipal.com.ar\/argentina\/jujuy-localidad-el-angosto-sera-desde-hoy-pueblo-solar\/","title":{"rendered":"Jujuy: Localidad El Angosto ser\u00e1 desde hoy \u00abpueblo solar\u00bb"},"content":{"rendered":"<p>Dejar\u00e1 de usar un grupo electr\u00f3geno para proveerse de electricidad, para hacerlo a trav\u00e9s de una central fotovoltaica.<\/p>\n<p>Desde hoy la localidad de El Angosto, en el departamento Santa Catalina, se convertir\u00e1 en el tercer pueblo solar de Jujuy, ya que dejar\u00e1 de proveerse de electricidad a trav\u00e9s de un grupo electr\u00f3geno en determinadas horas del d\u00eda para hacerlo mediante una central fotovoltaica durante las 24 horas.<\/p>\n<p>Los nueve pueblos solares que se prev\u00e9n en Jujuy significar\u00e1n una inversi\u00f3n superior a los seis millones de d\u00f3lares.<\/p>\n<p>A esta importante inauguraci\u00f3n que se concretar\u00e1 en horas de la ma\u00f1ana asistir\u00e1n las principales autoridades provinciales, entre ellas el gobernador GERARDO MORALES.<\/p>\n<p>De acuerdo a lo que se inform\u00f3, El Angosto tendr\u00e1 una planta solar 15 kw, equipo de conversi\u00f3n, bater\u00edas de litio para almacenaje 30 kw y se beneficiar\u00e1 a unas veintincinco familias. La inversi\u00f3n es de unos 95.700 dolares.<\/p>\n<p>Son nueve los pueblos solares que se proyectan en Jujuy. Seis se constru\u00edan gracias a un acuerdo entre el Gobierno de la Provincia con Ejesa, en tanto que los tres restantes se ejecutar\u00e1n con financiamiento del Permer (Proyecto de Energ\u00edas Renovables en Mercados Rurales) del Ministerio de Energ\u00eda y Miner\u00eda de Naci\u00f3n.<\/p>\n<p>Ya se convirtieron en pueblos solares Olaroz Chico (departamento Susques) y La Ci\u00e9naga (Santa Catalina) y despu\u00e9s El Angosto, tendr\u00e1n sus plantas fotovoltaicas aut\u00f3nomas Caspal\u00e1, Santa Ana, San Francisco del Valle de Santa Catalina, San Juan de Quillaques, El Toro y Catua.<\/p>\n<p>El proceso para la instalaci\u00f3n de las plantas las coordina la Direcci\u00f3n de Energ\u00edas Renovables y Eficiencia Energ\u00e9tica de la Secretar\u00eda de Energ\u00eda de la Provincia, y para su concreci\u00f3n e instalaci\u00f3n previamente se consensua con la comunidad, su ubicaci\u00f3n e instalaci\u00f3n, seg\u00fan se destac\u00f3.<\/p>\n<p>Con la instalaci\u00f3n de una planta fotovoltaica aut\u00f3noma se reduce considerablemente el impacto ambiental y la contaminaci\u00f3n del aire producto de las emisiones de di\u00f3xido de carbono generadas por los motores de los grupos electr\u00f3genos que funcionan en base a combustibles f\u00f3siles. Tambi\u00e9n la contaminaci\u00f3n sonora.<\/p>\n<p>Gracias a estas centrales fotovoltaicas la disponibilidad energ\u00e9tica es de 24 horas, lo que representa un cambio significativo en la cotidianidad y din\u00e1mica social de los pueblos que cuentan con un servicio reducido durante el d\u00eda.<\/p>\n<p>El 25 de enero de este a\u00f1o se inaugur\u00f3 el primero, Olaroz Chico, y donde mayor inversi\u00f3n habr\u00e1 ser\u00e1 en Catua (2.234.000 d\u00f3lares).<\/p>\n<h6>Fuente: El Tribuno<\/h6>\n","protected":false},"excerpt":{"rendered":"<p>Dejar\u00e1 de usar un grupo electr\u00f3geno para proveerse de electricidad, para hacerlo a trav\u00e9s de una central fotovoltaica.<\/p>\n","protected":false},"author":2,"featured_media":90414,"comment_status":"closed","ping_status":"closed","sticky":false,"template":"","format":"standard","meta":{"footnotes":""},"categories":[2],"tags":[25],"class_list":["post-90413","post","type-post","status-publish","format-standard","has-post-thumbnail","hentry","category-informe-municipal","tag-jujuy"],"_links":{"self":[{"href":"http:\/\/argentinamunicipal.com.ar\/argentina\/wp-json\/wp\/v2\/posts\/90413","targetHints":{"allow":["GET"]}}],"collection":[{"href":"http:\/\/argentinamunicipal.com.ar\/argentina\/wp-json\/wp\/v2\/posts"}],"about":[{"href":"http:\/\/argentinamunicipal.com.ar\/argentina\/wp-json\/wp\/v2\/types\/post"}],"author":[{"embeddable":true,"href":"http:\/\/argentinamunicipal.com.ar\/argentina\/wp-json\/wp\/v2\/users\/2"}],"replies":[{"embeddable":true,"href":"http:\/\/argentinamunicipal.com.ar\/argentina\/wp-json\/wp\/v2\/comments?post=90413"}],"version-history":[{"count":0,"href":"http:\/\/argentinamunicipal.com.ar\/argentina\/wp-json\/wp\/v2\/posts\/90413\/revisions"}],"wp:featuredmedia":[{"embeddable":true,"href":"http:\/\/argentinamunicipal.com.ar\/argentina\/wp-json\/wp\/v2\/media\/90414"}],"wp:attachment":[{"href":"http:\/\/argentinamunicipal.com.ar\/argentina\/wp-json\/wp\/v2\/media?parent=90413"}],"wp:term":[{"taxonomy":"category","embeddable":true,"href":"http:\/\/argentinamunicipal.com.ar\/argentina\/wp-json\/wp\/v2\/categories?post=90413"},{"taxonomy":"post_tag","embeddable":true,"href":"http:\/\/argentinamunicipal.com.ar\/argentina\/wp-json\/wp\/v2\/tags?post=90413"}],"curies":[{"name":"wp","href":"https:\/\/api.w.org\/{rel}","templated":true}]}}