{"id":90437,"date":"2019-05-22T06:39:10","date_gmt":"2019-05-22T09:39:10","guid":{"rendered":"http:\/\/argentinamunicipal.com.ar\/argentina\/?p=90437"},"modified":"2019-05-22T06:39:10","modified_gmt":"2019-05-22T09:39:10","slug":"trabajadores-despedidos-de-estaciones-de-servicio-de-concordia-reclaman-por-el-pago-de-indemnizaciones","status":"publish","type":"post","link":"http:\/\/argentinamunicipal.com.ar\/argentina\/trabajadores-despedidos-de-estaciones-de-servicio-de-concordia-reclaman-por-el-pago-de-indemnizaciones\/","title":{"rendered":"Trabajadores despedidos de estaciones de servicio de Concordia reclaman por el pago de indemnizaciones\u00a0"},"content":{"rendered":"<p>Durante la ma\u00f1ana de este lunes est\u00e1 previsto que realicen un \u201cbanderazo\u201d\u00a0 frente a la estaci\u00f3n de servicio \u201cOil\u201d, ubicada en el kil\u00f3metro 256, de la ruta nacional 14<\/p>\n<p>En los \u00faltimos meses de 2018, varias estaciones de servicio ubicadas a las vera de la autov\u00eda Gervasio Artigas registraron despidos; y las que est\u00e1n en los ingresos a la ciudad de Concordia no fueron las excepciones.<\/p>\n<p>Seg\u00fan pudo saber Diario R\u00edo Uruguay, las cesant\u00edas contin\u00faan \u2013 aunque un poco m\u00e1s espor\u00e1dicamente &#8211; durante este 2019, y los damnificados denuncian irregularidades a la hora de liquidar las indemnizaciones.<\/p>\n<p>\u201cDuelen las formas en que nos despidieron\u201d, afirm\u00f3 un ex trabajador de una estaci\u00f3n de servicio. \u201cSomos nueve empleados que fuimos despedidos y vamos a reclamar por el pago de indemnizaci\u00f3n\u201d, indicaron. Subrayando que la concentraci\u00f3n se realizar\u00e1 \u2013 de no mediar inconvenientes o novedades \u2013 \u201cdesde las 10 horas en adelante\u201d.<\/p>\n<h6>Fuente: APFDigital<\/h6>\n","protected":false},"excerpt":{"rendered":"<p>Durante la ma\u00f1ana de este lunes est\u00e1 previsto que realicen un \u201cbanderazo\u201d\u00a0 frente a la estaci\u00f3n de servicio \u201cOil\u201d, ubicada en el kil\u00f3metro 256, de la ruta nacional 14\u00a0<\/p>\n","protected":false},"author":2,"featured_media":90438,"comment_status":"closed","ping_status":"closed","sticky":false,"template":"","format":"standard","meta":{"footnotes":""},"categories":[2],"tags":[17],"class_list":["post-90437","post","type-post","status-publish","format-standard","has-post-thumbnail","hentry","category-informe-municipal","tag-entre-rios"],"_links":{"self":[{"href":"http:\/\/argentinamunicipal.com.ar\/argentina\/wp-json\/wp\/v2\/posts\/90437","targetHints":{"allow":["GET"]}}],"collection":[{"href":"http:\/\/argentinamunicipal.com.ar\/argentina\/wp-json\/wp\/v2\/posts"}],"about":[{"href":"http:\/\/argentinamunicipal.com.ar\/argentina\/wp-json\/wp\/v2\/types\/post"}],"author":[{"embeddable":true,"href":"http:\/\/argentinamunicipal.com.ar\/argentina\/wp-json\/wp\/v2\/users\/2"}],"replies":[{"embeddable":true,"href":"http:\/\/argentinamunicipal.com.ar\/argentina\/wp-json\/wp\/v2\/comments?post=90437"}],"version-history":[{"count":0,"href":"http:\/\/argentinamunicipal.com.ar\/argentina\/wp-json\/wp\/v2\/posts\/90437\/revisions"}],"wp:featuredmedia":[{"embeddable":true,"href":"http:\/\/argentinamunicipal.com.ar\/argentina\/wp-json\/wp\/v2\/media\/90438"}],"wp:attachment":[{"href":"http:\/\/argentinamunicipal.com.ar\/argentina\/wp-json\/wp\/v2\/media?parent=90437"}],"wp:term":[{"taxonomy":"category","embeddable":true,"href":"http:\/\/argentinamunicipal.com.ar\/argentina\/wp-json\/wp\/v2\/categories?post=90437"},{"taxonomy":"post_tag","embeddable":true,"href":"http:\/\/argentinamunicipal.com.ar\/argentina\/wp-json\/wp\/v2\/tags?post=90437"}],"curies":[{"name":"wp","href":"https:\/\/api.w.org\/{rel}","templated":true}]}}