{"id":90446,"date":"2019-05-22T06:46:49","date_gmt":"2019-05-22T09:46:49","guid":{"rendered":"http:\/\/argentinamunicipal.com.ar\/argentina\/?p=90446"},"modified":"2019-05-22T06:46:49","modified_gmt":"2019-05-22T09:46:49","slug":"de-la-mano-del-padre-pepe-los-curas-villeros-desembarcaron-en-el-conurbano","status":"publish","type":"post","link":"http:\/\/argentinamunicipal.com.ar\/argentina\/de-la-mano-del-padre-pepe-los-curas-villeros-desembarcaron-en-el-conurbano\/","title":{"rendered":"De la mano del Padre Pepe, los Curas Villeros desembarcaron en el Conurbano"},"content":{"rendered":"<p>Tras cincuenta a\u00f1os de trabajo en Capital Federal, vieron la necesidad de ampliarse a 6 arquidi\u00f3cesis m\u00e1s. Aseguran que no se trata de una medida antimacrista aunque el diagn\u00f3stico es que \u201chay hambre\u201d<\/p>\n<p>El hist\u00f3rico\u00a0Equipo de Sacerdotes Villeros\u00a0decidi\u00f3, en el cincuenta aniversario de su creaci\u00f3n,\u00a0ampliarse hacia el conurbano bonaerense. Ahora, estos religiosos\u00a0tendr\u00e1n presencia en 6 arquidi\u00f3cesis m\u00e1s\u00a0por fuera de la porte\u00f1a, en zonas consideradas cr\u00edticas por su vulnerabilidad.<\/p>\n<p>Si bien la idea estaba hace tiempo, se termin\u00f3 concretando con el traslado de varios curas de villas de Capital Federal a zonas vulnerables de la Provincia. Por ejemplo,\u00a0el padre Pepe Di Paola\u00a0\u2013una de las caras m\u00e1s conocidas de este espacio- que desembarc\u00f3\u00a0en San Mart\u00edn.<\/p>\n<p>La movida no fue una decisi\u00f3n pol\u00edtica institucional del Episcopado\u00a0pero tampoco podr\u00eda haberse hecho en su contra o sin su aval. Fue\u00a0el propio Francisco quien potenci\u00f3 a este grupo\u00a0cuando nombr\u00f3 por primera vez en la historia a un cura villero como obispo auxiliar en la Catedral de la Ciudad de Buenos Aires, Gustavo Carrara.<\/p>\n<p>El ahora llamado \u201cEquipo de Sacerdotes para las Villas de la Ciudad y la Provincia de Buenos Aires\u201d se present\u00f3 en sociedad el 12 de mayo en la parroquia Cristo Obrero de la Villa 31. La fecha coincidi\u00f3 con los 20 a\u00f1os del traslado de los restos del Padre Mugica a ese lugar y con los 45 a\u00f1os de su crimen.<\/p>\n<p>\u201cSomos continuadores del equipo de Carlos Mugica\u201d, explican. Carlos Mugica fue\u00a0asesinado por la Triple A\u00a0el 11 de mayo 1974, justamente, por su tarea y por su relaci\u00f3n con el peronismo de izquierda. Fue acribillado tras dar una misa en Villa Luro.<\/p>\n<p>La extensi\u00f3n de la cobertura de los curas villeros no busca desconocer el trabajo que ya viene realizando la Iglesia\u00a0pero es una marca que sirve \u201cpara meter m\u00e1s presi\u00f3n\u201d\u00a0para pedir soluciones, explicaron a\u00a0INFOCIELO\u00a0desde este sector.<\/p>\n<p>Tampoco son aut\u00f3nomos totalmente, ya que cada uno de ellos sigue dependiendo de su obispo o Arzobispo. Es m\u00e1s que nada un agrupamiento transversal y geogr\u00e1fico<\/p>\n<p>\u00bfSe trata de una jugada antimacrista?\u00a0Todos los consultados por este medio descartaron esa explicaci\u00f3n aunque no dejaron de mencionar que\u00a0\u201chay hambre y mucha desesperaci\u00f3n\u201d. Entre ellos, obviamente,\u00a0predomina la l\u00ednea de Jorge Bergoglio.<\/p>\n<p>Adem\u00e1s de trabajar en 11 villas y barrios de Capital Federal, ahora estar\u00e1n en\u00a0San Mart\u00edn\u00a0(Villa La C\u00e1rcova y Villa Curita),\u00a0San Isidro\u00a0(La Cava),\u00a0La Matanza\u00a0(Villa Palito, Puerta de Hierro),\u00a0Moreno(Villa Trujui),\u00a0Lomas de Zamora\u00a0(Barrio Don Orione) y\u00a0Quilmes\u00a0(Villa Itat\u00ed).<\/p>\n<p>En total,\u00a0son unos 23 curas que mantienen reuniones peri\u00f3dicas\u00a0\u2013al menos, una vez por mes- y est\u00e1n en contacto permanente. Se trata de\u00a0un armado horizontal, sin jefes. Para esta nueva etapa, elaboraron un documento, el cual se fue redactando durante el \u00faltimo a\u00f1o con aportes de todos.<\/p>\n<p>\u201cSomos Sacerdotes que vivimos en villas y\/o barrios populares. De all\u00ed que nos conocen como Curas Villeros. Nuestro modo de estar es la cercan\u00eda, la amistad, la oraci\u00f3n y el trabajo pastoral. En este sentido, nuestra opci\u00f3n prof\u00e9tica comienza en el trabajo y las obras\u201d, explicaron en el punto uno.<\/p>\n<p>\u201cNuestros barrios est\u00e1n poblados de migrantes y reconocemos el valor de la cultura popular de donde provienen. En este sentido favorecemos la cultura del encuentro y apostamos a la integraci\u00f3n urbana\u201d, se\u00f1alaron en otro fragmento del texto.<\/p>\n<p>Por \u00faltimo, pidieron por \u201cuna Intervenci\u00f3n Inteligente del Estado\u00a0en los barrios\u201d que \u201cgarantice el derecho de los m\u00e1s pobres a una vida digna\u201d. Advirtieron que \u201cel compromiso pastoral los lleva a buscar que se logren las tres \u201cT\u201d (Tierra, Techo y Trabajo)\u201d.<\/p>\n<p>Los curas villeros articulan con el Gobierno de la Ciudad y el bonaerense y tambi\u00e9n con los intendentes, con matices. Otro de sus pilares es la lucha contra las adicciones, lo que muchas veces los lleva a meterse en un denso entramado social.<\/p>\n<p>Di Paola es el que m\u00e1s perfil alto tiene y cultiva una buena relaci\u00f3n con la oposici\u00f3n a Cambiemos. Por ejemplo, all\u00ed en San Mart\u00edn recibi\u00f3 hace algunos d\u00edas la visita de la intendenta matancera, la kirchnerista Ver\u00f3nica Magario, y del diputado nacional Fernando Espinoza; adem\u00e1s de su contacto cotidiano con el jefe comunal local Gabriel Katopodis, del PJ.<\/p>\n<h6>Fuente: InfoCielo<\/h6>\n","protected":false},"excerpt":{"rendered":"<p>Tras cincuenta a\u00f1os de trabajo en Capital Federal, vieron la necesidad de ampliarse a 6 arquidi\u00f3cesis m\u00e1s. Aseguran que no se trata de una medida antimacrista aunque el diagn\u00f3stico es que \u201chay hambre\u201d<\/p>\n","protected":false},"author":2,"featured_media":90447,"comment_status":"closed","ping_status":"closed","sticky":false,"template":"","format":"standard","meta":{"footnotes":""},"categories":[2],"tags":[12],"class_list":["post-90446","post","type-post","status-publish","format-standard","has-post-thumbnail","hentry","category-informe-municipal","tag-buenos-aires"],"_links":{"self":[{"href":"http:\/\/argentinamunicipal.com.ar\/argentina\/wp-json\/wp\/v2\/posts\/90446","targetHints":{"allow":["GET"]}}],"collection":[{"href":"http:\/\/argentinamunicipal.com.ar\/argentina\/wp-json\/wp\/v2\/posts"}],"about":[{"href":"http:\/\/argentinamunicipal.com.ar\/argentina\/wp-json\/wp\/v2\/types\/post"}],"author":[{"embeddable":true,"href":"http:\/\/argentinamunicipal.com.ar\/argentina\/wp-json\/wp\/v2\/users\/2"}],"replies":[{"embeddable":true,"href":"http:\/\/argentinamunicipal.com.ar\/argentina\/wp-json\/wp\/v2\/comments?post=90446"}],"version-history":[{"count":0,"href":"http:\/\/argentinamunicipal.com.ar\/argentina\/wp-json\/wp\/v2\/posts\/90446\/revisions"}],"wp:featuredmedia":[{"embeddable":true,"href":"http:\/\/argentinamunicipal.com.ar\/argentina\/wp-json\/wp\/v2\/media\/90447"}],"wp:attachment":[{"href":"http:\/\/argentinamunicipal.com.ar\/argentina\/wp-json\/wp\/v2\/media?parent=90446"}],"wp:term":[{"taxonomy":"category","embeddable":true,"href":"http:\/\/argentinamunicipal.com.ar\/argentina\/wp-json\/wp\/v2\/categories?post=90446"},{"taxonomy":"post_tag","embeddable":true,"href":"http:\/\/argentinamunicipal.com.ar\/argentina\/wp-json\/wp\/v2\/tags?post=90446"}],"curies":[{"name":"wp","href":"https:\/\/api.w.org\/{rel}","templated":true}]}}