{"id":90492,"date":"2019-05-22T07:43:32","date_gmt":"2019-05-22T10:43:32","guid":{"rendered":"http:\/\/argentinamunicipal.com.ar\/argentina\/?p=90492"},"modified":"2019-05-22T07:43:32","modified_gmt":"2019-05-22T10:43:32","slug":"dramatico-reclamo-de-los-trabajadores-de-la-economia-popular","status":"publish","type":"post","link":"http:\/\/argentinamunicipal.com.ar\/argentina\/dramatico-reclamo-de-los-trabajadores-de-la-economia-popular\/","title":{"rendered":"Dram\u00e1tico reclamo de los trabajadores de la econom\u00eda popular"},"content":{"rendered":"<p>Las organizaciones que marcharon al Anses y a Desarrollo Social pidieron la declaraci\u00f3n de la emergencia alimentaria.<\/p>\n<p>Los movimientos sociales se movilizaron a las oficinas de la Administraci\u00f3n Nacional de la Seguridad Social (Anses) y de Desarrollo Social para reclamar ladeclaraci\u00f3n de la emergencia alimentaria y contra la suspensi\u00f3n de programas de trabajo e incumplimiento de pagos en todo el pa\u00eds.<\/p>\n<p>Ocurri\u00f3 este martes y en la Ciudad los manifestantes marcharon desde\u00a0el Obelisco\u00a0hasta la oficina central de Anses, ubicada en avenida C\u00f3rdoba 720, y luego a la secretar\u00eda de Econom\u00eda Social, en 25 de Mayo y Tucum\u00e1n.<\/p>\n<p>La protesta fue convocada por la CTEP, Somos Barrios de Pie y la Corriente Clasista y Combativa (CCC) que conforman el grupo llamado \u00abLos Cayetanos\u00bb.porque impulsan la agenda social del Papa Francisco por los reclamos de \u00abTierra, Techo y Trabajo\u00bb.<\/p>\n<p>Al respecto, el secretario general de la CTEP,\u00a0Esteban \u201cGringo\u201d Castro\u201d, manifest\u00f3 que\u00a0el gobierno \u00abpermite que aumente en forma desmedida el precio de los alimentos\u00a0y deja a una porci\u00f3n enorme de ciudadanos y ciudadanas con mucha dificultad para comer\u00bb.<\/p>\n<p>Castro agreg\u00f3:\u00a0\u201cSalimos a la calle porque no tenemos alternativa,\u00a0esta pol\u00edtica nos obliga a vivir a la intemperie\u201d.<\/p>\n<p>Agreg\u00f3 que son los trabajadores de la econom\u00eda popular \u00ablos que m\u00e1s sufren las consecuencias dram\u00e1ticas de este proceso pol\u00edtico, que empez\u00f3 con ajuste y represi\u00f3n, y termina hambreando al Pueblo argentino\u201d.<\/p>\n<p>La protesta se replic\u00f3 en Mar del Plata frente al Anses local, mientras que en la ciudad Tandil se realiz\u00f3 frente a la delegaci\u00f3n de Ministerio de Trabajo y en C\u00f3rdoba las tres organizaciones se reunieron en puentes y marcharon por las calles de la ciudad.<\/p>\n<p>En la ciudad de\u00a0Salta,\u00a0los manifestantes marcharon a la sede regional del ministerio de Desarrollo Social de la Naci\u00f3n y en Tartagal, el epicentro de los reclamos fue la oficina de la Anses, seg\u00fan inform\u00f3 la CCC.<\/p>\n<p>Otras provincias como\u00a0Chaco, Jujuy, La Rioja y San Juan\u00a0tambi\u00e9n registraron protestas de los movimientos sociales durante la ma\u00f1ana.<\/p>\n<p>Por su parte, el Frente Popular Dar\u00edo Santill\u00e1n (FPDS) se sum\u00f3 a las protestas en todo el pa\u00eds con la consigna \u00abBasta de ajuste a la econom\u00eda popular\u00bb.<\/p>\n<h6>Fuente: InfoNews<\/h6>\n","protected":false},"excerpt":{"rendered":"<p>Las organizaciones que marcharon al Anses y a Desarrollo Social pidieron la declaraci\u00f3n de la emergencia alimentaria.\u00a0<\/p>\n","protected":false},"author":2,"featured_media":90493,"comment_status":"closed","ping_status":"closed","sticky":false,"template":"","format":"standard","meta":{"footnotes":""},"categories":[2],"tags":[21],"class_list":["post-90492","post","type-post","status-publish","format-standard","has-post-thumbnail","hentry","category-informe-municipal","tag-argentina"],"_links":{"self":[{"href":"http:\/\/argentinamunicipal.com.ar\/argentina\/wp-json\/wp\/v2\/posts\/90492","targetHints":{"allow":["GET"]}}],"collection":[{"href":"http:\/\/argentinamunicipal.com.ar\/argentina\/wp-json\/wp\/v2\/posts"}],"about":[{"href":"http:\/\/argentinamunicipal.com.ar\/argentina\/wp-json\/wp\/v2\/types\/post"}],"author":[{"embeddable":true,"href":"http:\/\/argentinamunicipal.com.ar\/argentina\/wp-json\/wp\/v2\/users\/2"}],"replies":[{"embeddable":true,"href":"http:\/\/argentinamunicipal.com.ar\/argentina\/wp-json\/wp\/v2\/comments?post=90492"}],"version-history":[{"count":0,"href":"http:\/\/argentinamunicipal.com.ar\/argentina\/wp-json\/wp\/v2\/posts\/90492\/revisions"}],"wp:featuredmedia":[{"embeddable":true,"href":"http:\/\/argentinamunicipal.com.ar\/argentina\/wp-json\/wp\/v2\/media\/90493"}],"wp:attachment":[{"href":"http:\/\/argentinamunicipal.com.ar\/argentina\/wp-json\/wp\/v2\/media?parent=90492"}],"wp:term":[{"taxonomy":"category","embeddable":true,"href":"http:\/\/argentinamunicipal.com.ar\/argentina\/wp-json\/wp\/v2\/categories?post=90492"},{"taxonomy":"post_tag","embeddable":true,"href":"http:\/\/argentinamunicipal.com.ar\/argentina\/wp-json\/wp\/v2\/tags?post=90492"}],"curies":[{"name":"wp","href":"https:\/\/api.w.org\/{rel}","templated":true}]}}