{"id":90498,"date":"2019-05-22T08:00:21","date_gmt":"2019-05-22T11:00:21","guid":{"rendered":"http:\/\/argentinamunicipal.com.ar\/argentina\/?p=90498"},"modified":"2019-05-22T08:00:21","modified_gmt":"2019-05-22T11:00:21","slug":"ventas-en-comercios-jujenos-de-ropa-formal-y-usada-con-fuertes-caidas","status":"publish","type":"post","link":"http:\/\/argentinamunicipal.com.ar\/argentina\/ventas-en-comercios-jujenos-de-ropa-formal-y-usada-con-fuertes-caidas\/","title":{"rendered":"Ventas en comercios juje\u00f1os de ropa formal y usada con fuertes ca\u00eddas"},"content":{"rendered":"<p>Seg\u00fan un informe de la Came el rubro indumentaria en abril cay\u00f3 un 13,7% frente al mismo mes del 2018. Por la crisis, son varias las familias que buscan comprar ropa de segunda mano a un precio menor en locales informales.<\/p>\n<p>Seg\u00fan un informe de la Confederaci\u00f3n Argentina de la Mediana Empresa (Came), la venta de indumentaria cay\u00f3 un 13,7% en abril, frente al mismo mes del a\u00f1o pasado. El rubro se movi\u00f3 con muchas consultas y pocas operaciones por lo que se sinti\u00f3 la falta del poder adquisitivo de la gente.<\/p>\n<p>Es que tanto las bajas ventas, los ajustes desmedidos en alquileres, los costos financieros fueron algunos de los factores de preocupaci\u00f3n en el comercio. Sin embargo, desde hace un tiempo, el fen\u00f3meno de los denominadas \u00abpuestos de ropa americanas\u00bb observ\u00f3 un gran crecimiento y a la vez fue protagonista de la disminuci\u00f3n de venta en comercios formales.<\/p>\n<p>En este sentido,\u00a0El Tribuno de Jujuy\u00a0realiz\u00f3 un relevamiento tanto en zonas donde funcionan los comercios formales e informales y pudo corroborar que ambos sectores presentan una disminuci\u00f3n de venta. Y es que debido a la crisis econ\u00f3mica, son varias las familias que optan por cuidar su econom\u00eda y compran donde le venden indumentaria ya sea usada o nueva pero con precios m\u00e1s bajos. El titular del Centro Empleados de Comercio, Miguel \u00c1ngel Maman\u00ed, se mostr\u00f3 preocupado por las ca\u00eddas de ventas, destacando as\u00ed que cada vez se torna m\u00e1s dif\u00edcil sostener un comercio en la provincia. \u00abLos comercios tienen menos posibilidad de seguir operando, la ca\u00edda de las ventas, las subas de las tarifas y hasta inclusive, estamos negociando las paritarias yo creo que esto de alguna manera complica la actividad comercial\u00bb dijo. Agreg\u00f3 as\u00ed que desde la asunci\u00f3n del actual Gobierno nacional, se not\u00f3 una gran p\u00e9rdida del poder adquisitivo en los trabajadores.<\/p>\n<p>En cuanto al panorama del mercado de \u00abropa usada\u00bb precis\u00f3 que deber\u00eda haber un control desde la Municipalidad y Afip que efectivamente regulen las cosas tal cual, indicando que existe una competencia desleal porque venden mercader\u00eda de dudosa precedencia a un precio inferior al que normalmente se puede conseguir un mismo art\u00edculo en un comercio debidamente instalado.<\/p>\n<p>Respecto a las ferias indic\u00f3 que la situaci\u00f3n es mucho m\u00e1s compleja porque la informalidad es total, \u00abdesde c\u00f3mo llega y venden la mercader\u00eda y todos los trabajadores que est\u00e1n en la feria, obviamente est\u00e1n en una situaci\u00f3n informal, me parece que son diferentes situaciones, con mayor o menor gravedad\u00bb.<\/p>\n<p>En tal sentido precis\u00f3 que un comerciante que trabaja de manera legal tiene que atravesar todo un proceso de gestiones y presi\u00f3n tributaria.<\/p>\n<p><strong>Alternativa para varias familias<\/strong><\/p>\n<p>Durante a\u00f1os, varios vendedores callejeros ofrec\u00edan sus productos en las calles Santiago del Estero, Zegada, Iguaz\u00fa e Hip\u00f3lito Yrigoyen y tras un largo proceso de di\u00e1logo con el Municipio capitalino lograron conseguir un lugar digno en la avenida El \u00c9xodo.<\/p>\n<p>Actualmente, son cerca de mil doscientas las familias que cuentan con una fuente laboral en la \u00abFeria \u00c9xodo\u00bb. All\u00ed el cliente puede encontrar ropa usada, nueva, elementos de bazar, algunas frutas y verduras y adem\u00e1s hay un peque\u00f1o espacio para la compra de comidas y bebidas.<\/p>\n<p>La presidente de la Cooperativa de la \u00abFeria \u00c9xodo\u00bb, N\u00e9lida Silguera, coment\u00f3 que fue la impulsora de buscar un espacio para aquellas personas que ofrec\u00edan sus productos en los alrededores de la exterminal durante veinte o treinta a\u00f1os.<\/p>\n<p>Expres\u00f3 as\u00ed que las ventas han disminuido bastante y destac\u00f3 que la gente puede acceder a precios desde los $20 en ropa usada. \u00abSe encuentran muy buenos precios en jeans, calzados, camperas, marroquiner\u00eda\u00bb, dijo.<\/p>\n<p>Asimismo agreg\u00f3 que los vendedores pagan alquiler del espacio de ventas: \u00abhay algunas personas que son monotributistas, pagamos como los comercios, no dejamos de cumplir con nuestras obligaciones\u00bb y resalt\u00f3 que en la feria se cedi\u00f3 lugar a personas que atravesaban una dura situaci\u00f3n econ\u00f3mica.<\/p>\n<p>\u00abLos vendedores son muy solidarios, juntamos las prendas que no vendemos y la donamos a hogares de ni\u00f1os y a los indigentes\u00bb, dijo Silguera.<\/p>\n<p>Por su parte, Ana Urzagasti, quien integra la cooperativa, indic\u00f3 que tras la llegada al nuevo espacio de venta la situaci\u00f3n econ\u00f3mica no era cr\u00edtica. \u00abLa suba del alquiler se increment\u00f3, entramos a este lugar pagando un alquiler de $1.500 y hoy duplicamos\u00bb, sostuvo.<\/p>\n<p>Puso de relieve que los vendedores de ropa usada y nueva de la feria no son \u00abcompetencia\u00bb para los empresarios, \u00abhay gente que opta por comprar en cr\u00e9dito, como tambi\u00e9n quienes buscan lo usado y lo m\u00e1s econ\u00f3mico, somos una opci\u00f3n que sin querer el Gobierno nos puso en esa situaci\u00f3n\u00bb, cerr\u00f3.<\/p>\n<p>Cabe mencionar que este domingo, los vendedores realizar\u00e1n una chocolatada para celebrar el 25 de Mayo junto a los clientes.<\/p>\n<h6>Fuente: El Tribuno<\/h6>\n","protected":false},"excerpt":{"rendered":"<p>Seg\u00fan un informe de la Came el rubro indumentaria en abril cay\u00f3 un 13,7% frente al mismo mes del 2018. Por la crisis, son varias las familias que buscan comprar ropa de segunda mano a un precio menor en locales informales.<\/p>\n","protected":false},"author":2,"featured_media":90499,"comment_status":"closed","ping_status":"closed","sticky":false,"template":"","format":"standard","meta":{"footnotes":""},"categories":[5],"tags":[25],"class_list":["post-90498","post","type-post","status-publish","format-standard","has-post-thumbnail","hentry","category-informe-economico","tag-jujuy"],"_links":{"self":[{"href":"http:\/\/argentinamunicipal.com.ar\/argentina\/wp-json\/wp\/v2\/posts\/90498","targetHints":{"allow":["GET"]}}],"collection":[{"href":"http:\/\/argentinamunicipal.com.ar\/argentina\/wp-json\/wp\/v2\/posts"}],"about":[{"href":"http:\/\/argentinamunicipal.com.ar\/argentina\/wp-json\/wp\/v2\/types\/post"}],"author":[{"embeddable":true,"href":"http:\/\/argentinamunicipal.com.ar\/argentina\/wp-json\/wp\/v2\/users\/2"}],"replies":[{"embeddable":true,"href":"http:\/\/argentinamunicipal.com.ar\/argentina\/wp-json\/wp\/v2\/comments?post=90498"}],"version-history":[{"count":0,"href":"http:\/\/argentinamunicipal.com.ar\/argentina\/wp-json\/wp\/v2\/posts\/90498\/revisions"}],"wp:featuredmedia":[{"embeddable":true,"href":"http:\/\/argentinamunicipal.com.ar\/argentina\/wp-json\/wp\/v2\/media\/90499"}],"wp:attachment":[{"href":"http:\/\/argentinamunicipal.com.ar\/argentina\/wp-json\/wp\/v2\/media?parent=90498"}],"wp:term":[{"taxonomy":"category","embeddable":true,"href":"http:\/\/argentinamunicipal.com.ar\/argentina\/wp-json\/wp\/v2\/categories?post=90498"},{"taxonomy":"post_tag","embeddable":true,"href":"http:\/\/argentinamunicipal.com.ar\/argentina\/wp-json\/wp\/v2\/tags?post=90498"}],"curies":[{"name":"wp","href":"https:\/\/api.w.org\/{rel}","templated":true}]}}