{"id":90553,"date":"2019-05-24T05:23:16","date_gmt":"2019-05-24T08:23:16","guid":{"rendered":"http:\/\/argentinamunicipal.com.ar\/argentina\/?p=90553"},"modified":"2019-05-23T19:27:07","modified_gmt":"2019-05-23T22:27:07","slug":"quienes-son-los-que-profundizan-la-grieta","status":"publish","type":"post","link":"http:\/\/argentinamunicipal.com.ar\/argentina\/quienes-son-los-que-profundizan-la-grieta\/","title":{"rendered":"\u00bfQui\u00e9nes son los que profundizan la \u201cGrieta\u201d?"},"content":{"rendered":"<p>Es lamentable que quienes desde el periodismo u otras profesiones tienen la posibilidad de ser le\u00eddos o escuchados, se dediquen a juzgar y ofender a los integrantes de los Organismos de Derechos Humanos.<\/p>\n<p>Hace m\u00e1s de 42 a\u00f1os que estamos luchando, primero contra una dictadura c\u00edvico-militar feroz que arras\u00f3 el pa\u00eds y luego contra sus consecuencias que a\u00fan perduran.<\/p>\n<p>Buscamos hasta hoy Memoria, Verdad y Justicia, desafiando los riesgos, sin miedo, con convicci\u00f3n y unidad.<\/p>\n<p>En esos tir\u00e1nicos a\u00f1os \u00bfd\u00f3nde estaban aquellos que nos critican?<\/p>\n<p>Hoy est\u00e1n en ese oscuro espacio de sus contradicciones ideol\u00f3gicas. Valorando a su conveniencia el paso de la historia pol\u00edtica de la Argentina. Han perdido el respeto a la ciudadan\u00eda.<\/p>\n<p>Nosotros, en cambio, cada d\u00eda recibimos m\u00e1s afecto, comprensi\u00f3n, solidaridad en nuestro pa\u00eds y en el mundo.<\/p>\n<p>A estas personas a las que me dirijo, les digo: Se\u00f1ores, se\u00f1oras, no se \u201cgasten\u201d en desprestigiarnos sino m\u00e1s bien j\u00fazguense a ustedes mismos.<\/p>\n<p>La historia tambi\u00e9n lo har\u00e1.<\/p>\n<p>Si de los que se sientan afectados por mis palabras, alguno me responde, sepa que solo ellos se pondr\u00e1n en evidencia. Nunca me movi\u00f3 el odio, siempre el amor y b\u00fasqueda de justicia.<\/p>\n<p>Por\u00a0Estela de Carlotto<\/p>\n<h6>Fuente: P\u00e1gina 12<\/h6>\n","protected":false},"excerpt":{"rendered":"<p>Es lamentable que quienes desde el periodismo u otras profesiones tienen la posibilidad de ser le\u00eddos o escuchados, se dediquen a juzgar y ofender a los integrantes de los Organismos de Derechos Humanos.<\/p>\n","protected":false},"author":2,"featured_media":90554,"comment_status":"closed","ping_status":"closed","sticky":false,"template":"","format":"standard","meta":{"footnotes":""},"categories":[6],"tags":[21],"class_list":["post-90553","post","type-post","status-publish","format-standard","has-post-thumbnail","hentry","category-opiniones","tag-argentina"],"_links":{"self":[{"href":"http:\/\/argentinamunicipal.com.ar\/argentina\/wp-json\/wp\/v2\/posts\/90553","targetHints":{"allow":["GET"]}}],"collection":[{"href":"http:\/\/argentinamunicipal.com.ar\/argentina\/wp-json\/wp\/v2\/posts"}],"about":[{"href":"http:\/\/argentinamunicipal.com.ar\/argentina\/wp-json\/wp\/v2\/types\/post"}],"author":[{"embeddable":true,"href":"http:\/\/argentinamunicipal.com.ar\/argentina\/wp-json\/wp\/v2\/users\/2"}],"replies":[{"embeddable":true,"href":"http:\/\/argentinamunicipal.com.ar\/argentina\/wp-json\/wp\/v2\/comments?post=90553"}],"version-history":[{"count":0,"href":"http:\/\/argentinamunicipal.com.ar\/argentina\/wp-json\/wp\/v2\/posts\/90553\/revisions"}],"wp:featuredmedia":[{"embeddable":true,"href":"http:\/\/argentinamunicipal.com.ar\/argentina\/wp-json\/wp\/v2\/media\/90554"}],"wp:attachment":[{"href":"http:\/\/argentinamunicipal.com.ar\/argentina\/wp-json\/wp\/v2\/media?parent=90553"}],"wp:term":[{"taxonomy":"category","embeddable":true,"href":"http:\/\/argentinamunicipal.com.ar\/argentina\/wp-json\/wp\/v2\/categories?post=90553"},{"taxonomy":"post_tag","embeddable":true,"href":"http:\/\/argentinamunicipal.com.ar\/argentina\/wp-json\/wp\/v2\/tags?post=90553"}],"curies":[{"name":"wp","href":"https:\/\/api.w.org\/{rel}","templated":true}]}}