{"id":90592,"date":"2019-05-24T04:00:39","date_gmt":"2019-05-24T07:00:39","guid":{"rendered":"http:\/\/argentinamunicipal.com.ar\/argentina\/?p=90592"},"modified":"2019-05-23T21:19:53","modified_gmt":"2019-05-24T00:19:53","slug":"parana-productores-agropecuarios-amenazan-con-vaciar-las-escuelas-rurales-para-no-perder-hectareas-productivas","status":"publish","type":"post","link":"http:\/\/argentinamunicipal.com.ar\/argentina\/parana-productores-agropecuarios-amenazan-con-vaciar-las-escuelas-rurales-para-no-perder-hectareas-productivas\/","title":{"rendered":"Paran\u00e1: Productores agropecuarios amenazan con vaciar las escuelas rurales para no perder hect\u00e1reas productivas"},"content":{"rendered":"<p>En una protesta realizada frente a Tribunales protestaron contra el fallo judicial que dispone las distancias de fumigaciones de los agrot\u00f3xicos sobre las escuelas rurales.<\/p>\n<p>Productores agropecuarios pidieron que cierren o trasladen las escuelas rurales. Est\u00e1n decididos a trasladar a los ni\u00f1os en transporte escolar a la ciudad para no perder sus hect\u00e1reas productivas ubicadas en la \u00e1reas vetadas por el fallo judicial<\/p>\n<p>Este jueves, productores agropecuarios se manifestaron frente a los Tribunales de Paran\u00e1, contra el fallo de Justicia que proh\u00edbe fumigar a 1.000 metros de las escuelas rurales.<\/p>\n<p>Un grupo de delegados ingres\u00f3 al palacio de Tribunales para entrevistarse con autoridades del Superior Tribunal de Justicia (STJ) y le entregaron un petitorio con unas 300 firmas que fuera consensuado en una asamblea realizada en Crespo.<\/p>\n<p>\u00abNo se pueden producir alimentos si no utilizamos herbicidas. No hay pasturas para tambos si no combatimos la maleza. La agroecolog\u00eda en nuestros suelos arcillosos y sucios con camas amplias de malezas es inviable\u00bb, se\u00f1al\u00f3 uno de los productores que fue a\u00fan mas lejos. \u00abTenemos una propuesta dr\u00e1stica de retirar los ni\u00f1os y padres de las cooperadoras escolares de las escuelas. Nos conviene cerrar las escuelas y llevar los ni\u00f1os en transporte escolar a la ciudad\u00bb, explic\u00f3 Carlos Wendler, productor de Puiggari, a UNO y radio 97.1 La Red.<\/p>\n<p>La idea es vaciar las escuelas. \u00abSi no podemos producir en esas hect\u00e1reas, que son unas 320.000 llevaremos los ni\u00f1os a la ciudad. Sabemos que es una medida antipopular pero tenemos el poder de hacerlo. Son nuestros hijos los que concurren a esas escuelas que est\u00e1n en predios donados por los productores\u00bb, se\u00f1al\u00f3.<\/p>\n<p>En otro punto de la manifestaci\u00f3n otro productor tom\u00f3 el altavoz y expres\u00f3: \u00abSer\u00eda bueno que expliquen por qu\u00e9 en las escuelas no hay alumnos y est\u00e1n llevando un alumno de un pueblo para mantenerla abierta y por la cual no solo se inutilizan varios centenares de hect\u00e1reas sino tambi\u00e9n est\u00e1n pagando tres sueldos por un solo alumno\u00bb.<\/p>\n<p>Por su parte Mat\u00edas Martiarena, vicedirector de la Federaci\u00f3n Agraria de Entre R\u00edos (FAA) se\u00f1al\u00f3 la apremiante necesidad de revisar el fallo judicial que est\u00e1 afectando m\u00e1s de 300.000 hect\u00e1reas de peque\u00f1os productores que quedan sin producir: \u00abQueremos demostrar la arbitrariedad y lo demag\u00f3gico del fallo. La mayor\u00eda de los productores afectados no tienen respuestas de c\u00f3mo van a solucionar esta decisi\u00f3n que afecta a sus campos y qu\u00e9 sistema productivo van a utilizar de aqu\u00ed en adelante\u00bb, expres\u00f3.<\/p>\n<p>Se refiere al fallo que anul\u00f3 el decreto N\u00b0 4407 del 2 de enero de 2019, que est\u00e1 firme y proh\u00edbe fumigar en forma terrestre a 1.000 metros de las escuelas. \u00abEsto significa afectar 300.000 hect\u00e1reas productivas, la misma cantidad de superficie de trigo sembrada en la provincia, lo cual genera un perjuicio econ\u00f3mico muy grande. Pero m\u00e1s all\u00e1 de lo econ\u00f3mico es un problema social y no se sabe qu\u00e9 va a pasar, por ejemplo con los tamberos, muchos de los cuales tienen que cerrar e irse con sus familias y tambi\u00e9n sus empleados con sus familias. Esto genera muchas complicaciones que este fallo no tuvo en cuenta\u00bb, explic\u00f3 a UNO.<\/p>\n<p>Tambi\u00e9n se pregunt\u00f3 qu\u00e9 pasar\u00e1 con el macizo citr\u00edcola del cual unas 27.000 hect\u00e1reas de 52.000 quedan afectadas por este fallo y no se van a poder aplicar los herbicidas contra la mosca del fruto. \u00abEntre R\u00edos es el mayor productor citr\u00edcola del pa\u00eds y exportador. Y esa producci\u00f3n quedar\u00e1 devastada\u00bb, indic\u00f3.<\/p>\n<p>\u00bfEs posible otra forma de producci\u00f3n?<\/p>\n<p>\u00abEs imposible a aplicarlo hoy en d\u00eda. Se puede ir viendo solo para algunas producciones. Hay dos caras en esto y la Justicia tiene que encontrar la huella del medio. No se puede prohibir por prohibir. Esa no es la soluci\u00f3n con una provincia que no controla eficientemente\u00bb, indic\u00f3 y ejemplific\u00f3 que en C\u00f3rdoba tienen un programas de buenas practicas agr\u00edcolas y no se contamina, ni quedan productores sin producir, y nadie se perjudica.<\/p>\n<p>\u00abNo son todos ambientalistas los que est\u00e1n detr\u00e1s de esto, son ciertos sectores que nos acusan de asesinos. Somos todos ambientalistas. Nosotros aprendimos a cuidar nuestro medio ambiente porque es nuestra forma de vida\u00bb, asegur\u00f3.<\/p>\n<p>Sobre las soluciones posibles a corto plazo<\/p>\n<p>Seg\u00fan Martiarena hay predisposici\u00f3n de la Provincia. \u00abDe esto se sale con una ley. Hab\u00eda un proyecto de fitosanitarios que dos a\u00f1os atr\u00e1s fue vetada por Sergio Urribarri. Si hubiese estado vigente hoy no estar\u00eda enfrentado el campo con la ciudad como lo han logrado ciertos sectores, poni\u00e9ndonos a nosotros como asesinos malos de la pel\u00edcula. Nosotros no somos inmunes y a los agroqu\u00edmicos los aplicamos y no padecemos estas dolencias de las que nos acusan\u00bb.<\/p>\n<p>Tambi\u00e9n pidi\u00f3 a los jueces que se interioricen y a los legisladores una ley. Adem\u00e1s consider\u00f3 que las autoridades no deben dejarse abrumar por el temor social sino analizar todas las aristas de este complejo tema.<\/p>\n<h6>Fuente: Uno<\/h6>\n","protected":false},"excerpt":{"rendered":"<p>En una protesta realizada frente a Tribunales protestaron contra el fallo judicial que dispone las distancias de fumigaciones de los agrot\u00f3xicos sobre las escuelas rurales.<\/p>\n","protected":false},"author":2,"featured_media":90595,"comment_status":"closed","ping_status":"closed","sticky":false,"template":"","format":"standard","meta":{"footnotes":""},"categories":[2],"tags":[17],"class_list":["post-90592","post","type-post","status-publish","format-standard","has-post-thumbnail","hentry","category-informe-municipal","tag-entre-rios"],"_links":{"self":[{"href":"http:\/\/argentinamunicipal.com.ar\/argentina\/wp-json\/wp\/v2\/posts\/90592","targetHints":{"allow":["GET"]}}],"collection":[{"href":"http:\/\/argentinamunicipal.com.ar\/argentina\/wp-json\/wp\/v2\/posts"}],"about":[{"href":"http:\/\/argentinamunicipal.com.ar\/argentina\/wp-json\/wp\/v2\/types\/post"}],"author":[{"embeddable":true,"href":"http:\/\/argentinamunicipal.com.ar\/argentina\/wp-json\/wp\/v2\/users\/2"}],"replies":[{"embeddable":true,"href":"http:\/\/argentinamunicipal.com.ar\/argentina\/wp-json\/wp\/v2\/comments?post=90592"}],"version-history":[{"count":0,"href":"http:\/\/argentinamunicipal.com.ar\/argentina\/wp-json\/wp\/v2\/posts\/90592\/revisions"}],"wp:featuredmedia":[{"embeddable":true,"href":"http:\/\/argentinamunicipal.com.ar\/argentina\/wp-json\/wp\/v2\/media\/90595"}],"wp:attachment":[{"href":"http:\/\/argentinamunicipal.com.ar\/argentina\/wp-json\/wp\/v2\/media?parent=90592"}],"wp:term":[{"taxonomy":"category","embeddable":true,"href":"http:\/\/argentinamunicipal.com.ar\/argentina\/wp-json\/wp\/v2\/categories?post=90592"},{"taxonomy":"post_tag","embeddable":true,"href":"http:\/\/argentinamunicipal.com.ar\/argentina\/wp-json\/wp\/v2\/tags?post=90592"}],"curies":[{"name":"wp","href":"https:\/\/api.w.org\/{rel}","templated":true}]}}